{"id":230945,"date":"2025-10-11T08:12:00","date_gmt":"2025-10-11T11:12:00","guid":{"rendered":"https:\/\/corrientesdetarde.com\/?p=230945"},"modified":"2025-10-11T08:33:40","modified_gmt":"2025-10-11T11:33:40","slug":"reubican-a-los-puesteros-de-la-plaza-frente-a-la-basilica-de-itati","status":"publish","type":"post","link":"https:\/\/corrientesdetarde.com\/index.php\/interior\/reubican-a-los-puesteros-de-la-plaza-frente-a-la-basilica-de-itati\/","title":{"rendered":"Reubican a los puesteros de la plaza frente a la Bas\u00edlica de Itat\u00ed."},"content":{"rendered":"\n<h2 class=\"wp-block-heading\">El municipio concret\u00f3 el traslado de los vendedores en la terminal y el club Stella Maris. Anunciaron la construcci\u00f3n de un nuevo centro comercial para los feriantes, con apoyo del Gobierno provincial.<\/h2>\n\n\n\n<p>Luego de casi 20 a\u00f1os de ocupar los alrededores de la plaza Fray Luis de Bola\u00f1os, frente a la Bas\u00edlica de Itat\u00ed, unos 80 puesteros fueron trasladados por decisi\u00f3n del municipio. El operativo se complet\u00f3 este jueves, cuando los \u00faltimos feriantes se retiraron del lugar, tras la salida de los carros gastron\u00f3micos que ya se hab\u00eda realizado semanas atr\u00e1s.<\/p>\n\n\n\n<p>La reubicaci\u00f3n se llev\u00f3 a cabo en dos nuevos espacios: uno en la terminal de \u00f3mnibus y otro en el club Stella Maris, donde los comerciantes podr\u00e1n continuar con sus actividades mientras se construye un nuevo centro comercial destinado exclusivamente a los feriantes.<\/p>\n\n\n\n<p>El intendente Francisco Romero explic\u00f3 que la medida busca &#8220;ordenar el espacio p\u00fablico&#8221; y avanzar en la remodelaci\u00f3n integral de la plaza central. &#8220;Queremos que todos tengan oportunidades, pero tambi\u00e9n debemos cuidar y respetar el espacio p\u00fablico que es de toda la comunidad. No se le est\u00e1 quitando el trabajo a nadie, simplemente estamos ordenando lo que durante a\u00f1os fue desatendido&#8221;, expres\u00f3.<ins><\/ins><\/p>\n\n\n\n<p>Seg\u00fan precisaron fuentes oficiales, la intervenci\u00f3n se desarroll\u00f3 &#8220;de forma pac\u00edfica y consensuada&#8221;, aunque reconocieron que algunos vendedores ofrecieron resistencia en las primeras etapas del traslado. La presencia de personal policial permiti\u00f3 evitar incidentes mayores.<\/p>\n\n\n\n<p>El proyecto de remodelaci\u00f3n de la plaza Fray Luis de Bola\u00f1os contar\u00e1 con financiamiento del Gobierno Provincial, que tambi\u00e9n aportar\u00e1 para la construcci\u00f3n del nuevo centro comercial. Desde el municipio destacaron que el objetivo es compatibilizar la preservaci\u00f3n del patrimonio hist\u00f3rico y tur\u00edstico de Itat\u00ed con la actividad econ\u00f3mica de los trabajadores locales.<\/p>\n","protected":false},"excerpt":{"rendered":"<p>El municipio concret\u00f3 el traslado de los vendedores en la terminal y el club Stella Maris. Anunciaron la construcci\u00f3n de un nuevo centro comercial para los feriantes, con apoyo del&hellip; <\/p>\n","protected":false},"author":6,"featured_media":230949,"comment_status":"closed","ping_status":"open","sticky":false,"template":"","format":"standard","meta":{"footnotes":""},"categories":[1658],"tags":[],"class_list":["post-230945","post","type-post","status-publish","format-standard","has-post-thumbnail","hentry","category-interior"],"_links":{"self":[{"href":"https:\/\/corrientesdetarde.com\/index.php\/wp-json\/wp\/v2\/posts\/230945","targetHints":{"allow":["GET"]}}],"collection":[{"href":"https:\/\/corrientesdetarde.com\/index.php\/wp-json\/wp\/v2\/posts"}],"about":[{"href":"https:\/\/corrientesdetarde.com\/index.php\/wp-json\/wp\/v2\/types\/post"}],"author":[{"embeddable":true,"href":"https:\/\/corrientesdetarde.com\/index.php\/wp-json\/wp\/v2\/users\/6"}],"replies":[{"embeddable":true,"href":"https:\/\/corrientesdetarde.com\/index.php\/wp-json\/wp\/v2\/comments?post=230945"}],"version-history":[{"count":1,"href":"https:\/\/corrientesdetarde.com\/index.php\/wp-json\/wp\/v2\/posts\/230945\/revisions"}],"predecessor-version":[{"id":230951,"href":"https:\/\/corrientesdetarde.com\/index.php\/wp-json\/wp\/v2\/posts\/230945\/revisions\/230951"}],"wp:featuredmedia":[{"embeddable":true,"href":"https:\/\/corrientesdetarde.com\/index.php\/wp-json\/wp\/v2\/media\/230949"}],"wp:attachment":[{"href":"https:\/\/corrientesdetarde.com\/index.php\/wp-json\/wp\/v2\/media?parent=230945"}],"wp:term":[{"taxonomy":"category","embeddable":true,"href":"https:\/\/corrientesdetarde.com\/index.php\/wp-json\/wp\/v2\/categories?post=230945"},{"taxonomy":"post_tag","embeddable":true,"href":"https:\/\/corrientesdetarde.com\/index.php\/wp-json\/wp\/v2\/tags?post=230945"}],"curies":[{"name":"wp","href":"https:\/\/api.w.org\/{rel}","templated":true}]}}