{"id":231002,"date":"2025-10-11T11:00:00","date_gmt":"2025-10-11T14:00:00","guid":{"rendered":"https:\/\/corrientesdetarde.com\/?p=231002"},"modified":"2025-10-11T14:50:33","modified_gmt":"2025-10-11T17:50:33","slug":"un-hombre-se-ahogo-en-una-playa-no-habilitada","status":"publish","type":"post","link":"https:\/\/corrientesdetarde.com\/index.php\/actualidad\/un-hombre-se-ahogo-en-una-playa-no-habilitada\/","title":{"rendered":"Un hombre se ahog\u00f3 en una playa no habilitada."},"content":{"rendered":"\n<p>La v\u00edctima ingres\u00f3 en una zona no habilitada para los ba\u00f1istas. El hombre era oriundo de Resistencia.<\/p>\n\n\n\n<p>Jornada tr\u00e1gica se registr\u00f3 este viernes en la localidad de Ituzaing\u00f3, ya que un hombre se ahog\u00f3 en las aguas del r\u00edo Paran\u00e1. La v\u00edctima ten\u00eda 50 a\u00f1os y era oriunda de ciudad chaque\u00f1a de Resistencia.<\/p>\n\n\n\n<p>El lamentable episodio sucedi\u00f3 este viernes por la tarde. Medios locales se\u00f1alaron que la v\u00edctima ingres\u00f3 a refrescarse en una zona que no se encuentra habilitada para los ba\u00f1istas y en un momento determinado desapareci\u00f3 de la superficie acu\u00e1tica. Momento despu\u00e9s, el cuerpo fue hallado por rescatistas.&nbsp;<\/p>\n\n\n\n<p>El hombre fue identificado como Juan Ram\u00f3n Esquivel, a quien lo trasladaron al hospital local.<\/p>\n","protected":false},"excerpt":{"rendered":"<p>La v\u00edctima ingres\u00f3 en una zona no habilitada para los ba\u00f1istas. El hombre era oriundo de Resistencia. Jornada tr\u00e1gica se registr\u00f3 este viernes en la localidad de Ituzaing\u00f3, ya que&hellip; <\/p>\n","protected":false},"author":6,"featured_media":231003,"comment_status":"closed","ping_status":"open","sticky":false,"template":"","format":"standard","meta":{"footnotes":""},"categories":[23,33],"tags":[],"class_list":["post-231002","post","type-post","status-publish","format-standard","has-post-thumbnail","hentry","category-actualidad","category-policiales"],"_links":{"self":[{"href":"https:\/\/corrientesdetarde.com\/index.php\/wp-json\/wp\/v2\/posts\/231002","targetHints":{"allow":["GET"]}}],"collection":[{"href":"https:\/\/corrientesdetarde.com\/index.php\/wp-json\/wp\/v2\/posts"}],"about":[{"href":"https:\/\/corrientesdetarde.com\/index.php\/wp-json\/wp\/v2\/types\/post"}],"author":[{"embeddable":true,"href":"https:\/\/corrientesdetarde.com\/index.php\/wp-json\/wp\/v2\/users\/6"}],"replies":[{"embeddable":true,"href":"https:\/\/corrientesdetarde.com\/index.php\/wp-json\/wp\/v2\/comments?post=231002"}],"version-history":[{"count":2,"href":"https:\/\/corrientesdetarde.com\/index.php\/wp-json\/wp\/v2\/posts\/231002\/revisions"}],"predecessor-version":[{"id":231029,"href":"https:\/\/corrientesdetarde.com\/index.php\/wp-json\/wp\/v2\/posts\/231002\/revisions\/231029"}],"wp:featuredmedia":[{"embeddable":true,"href":"https:\/\/corrientesdetarde.com\/index.php\/wp-json\/wp\/v2\/media\/231003"}],"wp:attachment":[{"href":"https:\/\/corrientesdetarde.com\/index.php\/wp-json\/wp\/v2\/media?parent=231002"}],"wp:term":[{"taxonomy":"category","embeddable":true,"href":"https:\/\/corrientesdetarde.com\/index.php\/wp-json\/wp\/v2\/categories?post=231002"},{"taxonomy":"post_tag","embeddable":true,"href":"https:\/\/corrientesdetarde.com\/index.php\/wp-json\/wp\/v2\/tags?post=231002"}],"curies":[{"name":"wp","href":"https:\/\/api.w.org\/{rel}","templated":true}]}}