{"id":23108,"date":"2022-11-26T18:41:28","date_gmt":"2022-11-26T21:41:28","guid":{"rendered":"https:\/\/corrientesdetarde.com\/?p=23108"},"modified":"2022-11-26T18:41:32","modified_gmt":"2022-11-26T21:41:32","slug":"estrenaran-en-el-mitico-cine-gaumont-una-pelicula-filmada-en-el-nordeste","status":"publish","type":"post","link":"https:\/\/corrientesdetarde.com\/index.php\/cultura\/estrenaran-en-el-mitico-cine-gaumont-una-pelicula-filmada-en-el-nordeste\/","title":{"rendered":"Estrenar\u00e1n en el m\u00edtico Cine Gaumont una pel\u00edcula filmada en el Nordeste"},"content":{"rendered":"\n<p>Est\u00e1 dirigida por Carlos Kbal y cont\u00f3 con el financiamiento del Incaa.\u00a0<\/p>\n\n\n\n<p>La pel\u00edcula \u201cLa luz mala\u201d, filmada en distintas locaciones del Nordeste argentino, ser\u00e1 estrenada el pr\u00f3ximo jueves a las 19:30 en el Cine Gaumont de la ciudad de Buenos Aires (Rivadavia 1635). Se trata de la opera prima del correntino Carlos Kbal, rodada en Ca\u00e1 Cat\u00ed, Corrientes, Resistencia y Gancedo.&nbsp;<\/p>\n\n\n\n<p>Para esta producci\u00f3n cinematogr\u00e1fica participaron t\u00e9cnicos y actores de Corrientes, Chaco y Misiones. \u201cHacer cine en Corrientes es divertido, es lindo. La peli la pudimos hacer gracias a un concurso del Incaa que ganamos, Concurso de Opera Prima Nacional, y de entre 250 proyectos quedaron cinco; nosotros quedamos sextos, pero como uno de los participantes no pudo realizar su proyecto comenzamos a grabar nosotros, filmando con fondos del Instituto Nacional de Cine\u201d, cont\u00f3 el director de la pel\u00edcula.&nbsp;<\/p>\n\n\n\n<p>Adem\u00e1s, explic\u00f3 una particularidad de la producci\u00f3n de cine regional: \u201cAndamos peleando tambi\u00e9n la Ley de Cine Provincial que apoye a este tipo de iniciativas, porque es una fuente de trabajo. En nuestra pel\u00edcula, por ejemplo, trabajaron m\u00e1s de 25 t\u00e9cnicos, todos de la regi\u00f3n; esa es una virtud del proyecto, est\u00e1 hecho con t\u00e9cnicos y actores regionales, todos de Corrientes, Chaco y Misiones. Los actores son todos correntinos, menos Jorge Rom\u00e1n, que es de Formosa\u201d, explic\u00f3 Kbal en el programa radial LTSiesta.&nbsp;<\/p>\n\n\n\n<p>En este sentido, el productor general de la pel\u00edcula, Sebasti\u00e1n Toba, afirm\u00f3: \u201cEs importante decir que cuando se realiza un proyecto de estas caracter\u00edsticas hay muchos recursos involucrados, muchas personas involucradas, se utiliza mucha mano de obra local. Cuando se filma una pel\u00edcula, se genera una microeconom\u00eda alrededor de ella\u201d.&nbsp;<\/p>\n\n\n\n<p><strong>Sinopsis<\/strong><\/p>\n\n\n\n<p>Ante la ca\u00edda de auspiciantes en la radio, Ren\u00e9 y Walter deciden llevar su programa sobre ovnis a la TV. El destino parece acompa\u00f1arlos, y ese d\u00eda cae uno en los Esteros del Iber\u00e1. Una conductora de TV de la capital se les suma en esta loca b\u00fasqueda.<\/p>\n\n\n\n<p>Uno de los personajes principales del largometraje es interpretado por el actor del momento, Jorge Rom\u00e1n, quien protagoniza la serie \u201cMonz\u00f3n\u201d y otras pel\u00edculas internacionales como \u201cMonos\u201d, un filme colombiano de Alejandro Landes, y \u201cMatar a un muerto\u201d, del director paraguayo Hugo Gim\u00e9nez.&nbsp;<\/p>\n\n\n\n<p>En referencia a este nuevo proyecto, el actor afirm\u00f3: \u201cDesde el primer momento que le\u00ed el guion tuve la certeza de que esta historia refleja muy bien la idiosincrasia de la regi\u00f3n y, particularmente, de Corrientes. Es una historia donde el paisaje es protagonista y busca ser contada desde el humor, lo cual es un gran desaf\u00edo. Est\u00e1 contada por personas, el director y su equipo, que saben de lo que est\u00e1n hablando\u201d.&nbsp;<\/p>\n\n\n\n<p>En tanto que el director agreg\u00f3: \u201cLa mayor parte de las escenas que se suceden en el filme son relatos de pobladores del interior que escuch\u00e9 de ni\u00f1o, cuando acompa\u00f1aba a mi padre que era viajante de un molino de harinas y recorr\u00eda las panader\u00edas del interior de la provincia. La idea es \u2018pintar\u2019 la forma de vida de Corrientes, sin caer en el costumbrismo que se ve frecuentemente en largometrajes que se desarrollan en esta provincia\u201d.<\/p>\n","protected":false},"excerpt":{"rendered":"<p>Est\u00e1 dirigida por Carlos Kbal y cont\u00f3 con el financiamiento del Incaa.\u00a0 La pel\u00edcula \u201cLa luz mala\u201d, filmada en distintas locaciones del Nordeste argentino, ser\u00e1 estrenada el pr\u00f3ximo jueves a&hellip; <\/p>\n","protected":false},"author":1,"featured_media":23109,"comment_status":"closed","ping_status":"open","sticky":false,"template":"","format":"standard","meta":{"footnotes":""},"categories":[15],"tags":[],"class_list":["post-23108","post","type-post","status-publish","format-standard","has-post-thumbnail","hentry","category-cultura"],"_links":{"self":[{"href":"https:\/\/corrientesdetarde.com\/index.php\/wp-json\/wp\/v2\/posts\/23108","targetHints":{"allow":["GET"]}}],"collection":[{"href":"https:\/\/corrientesdetarde.com\/index.php\/wp-json\/wp\/v2\/posts"}],"about":[{"href":"https:\/\/corrientesdetarde.com\/index.php\/wp-json\/wp\/v2\/types\/post"}],"author":[{"embeddable":true,"href":"https:\/\/corrientesdetarde.com\/index.php\/wp-json\/wp\/v2\/users\/1"}],"replies":[{"embeddable":true,"href":"https:\/\/corrientesdetarde.com\/index.php\/wp-json\/wp\/v2\/comments?post=23108"}],"version-history":[{"count":1,"href":"https:\/\/corrientesdetarde.com\/index.php\/wp-json\/wp\/v2\/posts\/23108\/revisions"}],"predecessor-version":[{"id":23110,"href":"https:\/\/corrientesdetarde.com\/index.php\/wp-json\/wp\/v2\/posts\/23108\/revisions\/23110"}],"wp:featuredmedia":[{"embeddable":true,"href":"https:\/\/corrientesdetarde.com\/index.php\/wp-json\/wp\/v2\/media\/23109"}],"wp:attachment":[{"href":"https:\/\/corrientesdetarde.com\/index.php\/wp-json\/wp\/v2\/media?parent=23108"}],"wp:term":[{"taxonomy":"category","embeddable":true,"href":"https:\/\/corrientesdetarde.com\/index.php\/wp-json\/wp\/v2\/categories?post=23108"},{"taxonomy":"post_tag","embeddable":true,"href":"https:\/\/corrientesdetarde.com\/index.php\/wp-json\/wp\/v2\/tags?post=23108"}],"curies":[{"name":"wp","href":"https:\/\/api.w.org\/{rel}","templated":true}]}}