{"id":231176,"date":"2025-10-13T13:36:23","date_gmt":"2025-10-13T16:36:23","guid":{"rendered":"https:\/\/corrientesdetarde.com\/?p=231176"},"modified":"2025-10-13T13:37:01","modified_gmt":"2025-10-13T16:37:01","slug":"la-legislatura-se-vistio-de-rojo-y-amarillo-para-homenajear-a-espana","status":"publish","type":"post","link":"https:\/\/corrientesdetarde.com\/index.php\/eventos\/la-legislatura-se-vistio-de-rojo-y-amarillo-para-homenajear-a-espana\/","title":{"rendered":"La Legislatura se visti\u00f3 de rojo y amarillo para homenajear a Espa\u00f1a"},"content":{"rendered":"\n<p>En el marco del D\u00eda Nacional del Reino de Espa\u00f1a, la C\u00e1mara de Senadores de Corrientes realiz\u00f3 este lunes un emotivo acto conmemorativo en el hall central del Palacio Legislativo. La ceremonia estuvo encabezada por el vicegobernador Pedro Braillard Poccard y cont\u00f3 con la presencia del c\u00f3nsul honorario de Espa\u00f1a en Corrientes, Valent\u00edn Arag\u00fc\u00e9s.<\/p>\n\n\n\n<p>La actividad se desarroll\u00f3 como parte del Programa Luminarias, una iniciativa del Senado provincial destinada a rendir homenaje a pa\u00edses hermanos y colectividades con presencia significativa en la provincia. En ese contexto, desde la noche del domingo 12 de octubre, la fachada de la Legislatura se ilumin\u00f3 con los colores rojo y amarillo de la bandera espa\u00f1ola. Adem\u00e1s, se coloc\u00f3 una placa con c\u00f3digo QR que ofrec\u00eda informaci\u00f3n sobre el acto y su significado.<\/p>\n\n\n\n<p>La ceremonia comenz\u00f3 con la entonaci\u00f3n de los himnos nacionales de Argentina y Espa\u00f1a. Luego, el c\u00f3nsul Arag\u00fc\u00e9s brind\u00f3 unas palabras alusivas, agradeciendo el reconocimiento y destacando los lazos culturales e hist\u00f3ricos entre ambas naciones, \u201cmuchas gracias por honrar este d\u00eda tan memorable. Es una fiesta que tuvo muchas connotaciones, pero con el tiempo qued\u00f3 definida como la Fiesta de Espa\u00f1a y Fiesta de la Virgen del Pilar, la Santa Patrona de los aragoneses\u201d; \u201cagradezco el arraigo que nos dieron en estas tierras, que es nuestra segunda patria\u201d, expres\u00f3 Arag\u00fc\u00e9s.<\/p>\n\n\n\n<p>Por su parte, el vicegobernador Braillard Poccard reflexion\u00f3 sobre la herencia hisp\u00e1nica en Am\u00e9rica Latina: \u201cEstamos rindiendo homenaje a nuestras ra\u00edces, porque nuestros or\u00edgenes arrancan con la colonizaci\u00f3n espa\u00f1ola. Espa\u00f1a no solo coloniz\u00f3 Argentina, sino a gran parte de Am\u00e9rica Latina. Nos leg\u00f3 instituciones fundamentales como la educaci\u00f3n p\u00fablica, incluso en tiempos coloniales, y una de las primeras universidades del continente\u201d.<\/p>\n\n\n\n<p>Tambi\u00e9n se refiri\u00f3 a los debates actuales en torno a la colonizaci\u00f3n: \u201cHoy hay una fuerte tendencia en el mundo que cuestiona algunos aspectos del proceso colonial espa\u00f1ol, pero lo cierto es que el aporte que se realiz\u00f3 fue decisivo para el surgimiento de Am\u00e9rica Latina como la conocemos\u201d.<\/p>\n\n\n\n<p>El acto concluy\u00f3 con la entrega de una declaraci\u00f3n de Inter\u00e9s Legislativo al c\u00f3nsul Arag\u00fc\u00e9s, en representaci\u00f3n del Reino de Espa\u00f1a.<\/p>\n\n\n\n<p>Un cierre con sabor espa\u00f1ol<\/p>\n\n\n\n<p>Como broche de oro, los asistentes compartieron una degustaci\u00f3n de platos tradicionales de la gastronom\u00eda espa\u00f1ola, cortes\u00eda de la colectividad local. No faltaron la cl\u00e1sica empanada gallega y una variedad de tapas t\u00edpicas elaboradas con pan tostado, aceitunas, jam\u00f3n, queso, cantimpalo, ajo y tomate, representando la riqueza y diversidad culinaria de las distintas regiones de Espa\u00f1a.<\/p>\n\n\n\n<p>Presencias<\/p>\n\n\n\n<p>Estuvieron presentes en la ceremonia la diputada Albana Rotela; los concejales Melisa Mecca y Jorge Ben\u00edtez S\u00edvori; y el presidente del Colegio P\u00fablico de Abogados de la Primera Circunscripci\u00f3n, Jos\u00e9 Cotelo, entre otras autoridades y representantes de la comunidad.<\/p>\n\n\n\n<figure class=\"wp-block-image size-large\"><img loading=\"lazy\" decoding=\"async\" width=\"1024\" height=\"682\" src=\"https:\/\/corrientesdetarde.com\/wp-content\/uploads\/2025\/10\/WhatsApp-Image-2025-10-13-at-13.30.34-1024x682.jpeg\" alt=\"\" class=\"wp-image-231177\" srcset=\"https:\/\/corrientesdetarde.com\/wp-content\/uploads\/2025\/10\/WhatsApp-Image-2025-10-13-at-13.30.34-1024x682.jpeg 1024w, https:\/\/corrientesdetarde.com\/wp-content\/uploads\/2025\/10\/WhatsApp-Image-2025-10-13-at-13.30.34-300x200.jpeg 300w, https:\/\/corrientesdetarde.com\/wp-content\/uploads\/2025\/10\/WhatsApp-Image-2025-10-13-at-13.30.34-768x512.jpeg 768w, https:\/\/corrientesdetarde.com\/wp-content\/uploads\/2025\/10\/WhatsApp-Image-2025-10-13-at-13.30.34.jpeg 1280w\" sizes=\"auto, (max-width: 1024px) 100vw, 1024px\" \/><\/figure>\n\n\n\n<figure class=\"wp-block-image size-large\"><img loading=\"lazy\" decoding=\"async\" width=\"1024\" height=\"683\" src=\"https:\/\/corrientesdetarde.com\/wp-content\/uploads\/2025\/10\/WhatsApp-Image-2025-10-13-at-13.30.35-2-1024x683.jpeg\" alt=\"\" class=\"wp-image-231181\" srcset=\"https:\/\/corrientesdetarde.com\/wp-content\/uploads\/2025\/10\/WhatsApp-Image-2025-10-13-at-13.30.35-2-1024x683.jpeg 1024w, https:\/\/corrientesdetarde.com\/wp-content\/uploads\/2025\/10\/WhatsApp-Image-2025-10-13-at-13.30.35-2-300x200.jpeg 300w, https:\/\/corrientesdetarde.com\/wp-content\/uploads\/2025\/10\/WhatsApp-Image-2025-10-13-at-13.30.35-2-768x512.jpeg 768w, https:\/\/corrientesdetarde.com\/wp-content\/uploads\/2025\/10\/WhatsApp-Image-2025-10-13-at-13.30.35-2-1536x1024.jpeg 1536w, https:\/\/corrientesdetarde.com\/wp-content\/uploads\/2025\/10\/WhatsApp-Image-2025-10-13-at-13.30.35-2.jpeg 1599w\" sizes=\"auto, (max-width: 1024px) 100vw, 1024px\" \/><\/figure>\n\n\n\n<figure class=\"wp-block-image size-large\"><img loading=\"lazy\" decoding=\"async\" width=\"1024\" height=\"682\" src=\"https:\/\/corrientesdetarde.com\/wp-content\/uploads\/2025\/10\/WhatsApp-Image-2025-10-13-at-13.30.35-1-1024x682.jpeg\" alt=\"\" class=\"wp-image-231182\" srcset=\"https:\/\/corrientesdetarde.com\/wp-content\/uploads\/2025\/10\/WhatsApp-Image-2025-10-13-at-13.30.35-1-1024x682.jpeg 1024w, https:\/\/corrientesdetarde.com\/wp-content\/uploads\/2025\/10\/WhatsApp-Image-2025-10-13-at-13.30.35-1-300x200.jpeg 300w, https:\/\/corrientesdetarde.com\/wp-content\/uploads\/2025\/10\/WhatsApp-Image-2025-10-13-at-13.30.35-1-768x512.jpeg 768w, https:\/\/corrientesdetarde.com\/wp-content\/uploads\/2025\/10\/WhatsApp-Image-2025-10-13-at-13.30.35-1.jpeg 1280w\" sizes=\"auto, (max-width: 1024px) 100vw, 1024px\" \/><\/figure>\n\n\n\n<figure class=\"wp-block-image size-large\"><img loading=\"lazy\" decoding=\"async\" width=\"1024\" height=\"682\" src=\"https:\/\/corrientesdetarde.com\/wp-content\/uploads\/2025\/10\/WhatsApp-Image-2025-10-13-at-13.30.35-1024x682.jpeg\" alt=\"\" class=\"wp-image-231180\" srcset=\"https:\/\/corrientesdetarde.com\/wp-content\/uploads\/2025\/10\/WhatsApp-Image-2025-10-13-at-13.30.35-1024x682.jpeg 1024w, https:\/\/corrientesdetarde.com\/wp-content\/uploads\/2025\/10\/WhatsApp-Image-2025-10-13-at-13.30.35-300x200.jpeg 300w, https:\/\/corrientesdetarde.com\/wp-content\/uploads\/2025\/10\/WhatsApp-Image-2025-10-13-at-13.30.35-768x512.jpeg 768w, https:\/\/corrientesdetarde.com\/wp-content\/uploads\/2025\/10\/WhatsApp-Image-2025-10-13-at-13.30.35.jpeg 1280w\" sizes=\"auto, (max-width: 1024px) 100vw, 1024px\" \/><\/figure>\n\n\n\n<figure class=\"wp-block-image size-large\"><img loading=\"lazy\" decoding=\"async\" width=\"1024\" height=\"682\" src=\"https:\/\/corrientesdetarde.com\/wp-content\/uploads\/2025\/10\/WhatsApp-Image-2025-10-13-at-13.30.34-1-1024x682.jpeg\" alt=\"\" class=\"wp-image-231178\" srcset=\"https:\/\/corrientesdetarde.com\/wp-content\/uploads\/2025\/10\/WhatsApp-Image-2025-10-13-at-13.30.34-1-1024x682.jpeg 1024w, https:\/\/corrientesdetarde.com\/wp-content\/uploads\/2025\/10\/WhatsApp-Image-2025-10-13-at-13.30.34-1-300x200.jpeg 300w, https:\/\/corrientesdetarde.com\/wp-content\/uploads\/2025\/10\/WhatsApp-Image-2025-10-13-at-13.30.34-1-768x512.jpeg 768w, https:\/\/corrientesdetarde.com\/wp-content\/uploads\/2025\/10\/WhatsApp-Image-2025-10-13-at-13.30.34-1.jpeg 1280w\" sizes=\"auto, (max-width: 1024px) 100vw, 1024px\" \/><\/figure>\n","protected":false},"excerpt":{"rendered":"<p>En el marco del D\u00eda Nacional del Reino de Espa\u00f1a, la C\u00e1mara de Senadores de Corrientes realiz\u00f3 este lunes un emotivo acto conmemorativo en el hall central del Palacio Legislativo.&hellip; <\/p>\n","protected":false},"author":8,"featured_media":231179,"comment_status":"closed","ping_status":"open","sticky":false,"template":"","format":"standard","meta":{"footnotes":""},"categories":[22],"tags":[],"class_list":["post-231176","post","type-post","status-publish","format-standard","has-post-thumbnail","hentry","category-eventos"],"_links":{"self":[{"href":"https:\/\/corrientesdetarde.com\/index.php\/wp-json\/wp\/v2\/posts\/231176","targetHints":{"allow":["GET"]}}],"collection":[{"href":"https:\/\/corrientesdetarde.com\/index.php\/wp-json\/wp\/v2\/posts"}],"about":[{"href":"https:\/\/corrientesdetarde.com\/index.php\/wp-json\/wp\/v2\/types\/post"}],"author":[{"embeddable":true,"href":"https:\/\/corrientesdetarde.com\/index.php\/wp-json\/wp\/v2\/users\/8"}],"replies":[{"embeddable":true,"href":"https:\/\/corrientesdetarde.com\/index.php\/wp-json\/wp\/v2\/comments?post=231176"}],"version-history":[{"count":2,"href":"https:\/\/corrientesdetarde.com\/index.php\/wp-json\/wp\/v2\/posts\/231176\/revisions"}],"predecessor-version":[{"id":231184,"href":"https:\/\/corrientesdetarde.com\/index.php\/wp-json\/wp\/v2\/posts\/231176\/revisions\/231184"}],"wp:featuredmedia":[{"embeddable":true,"href":"https:\/\/corrientesdetarde.com\/index.php\/wp-json\/wp\/v2\/media\/231179"}],"wp:attachment":[{"href":"https:\/\/corrientesdetarde.com\/index.php\/wp-json\/wp\/v2\/media?parent=231176"}],"wp:term":[{"taxonomy":"category","embeddable":true,"href":"https:\/\/corrientesdetarde.com\/index.php\/wp-json\/wp\/v2\/categories?post=231176"},{"taxonomy":"post_tag","embeddable":true,"href":"https:\/\/corrientesdetarde.com\/index.php\/wp-json\/wp\/v2\/tags?post=231176"}],"curies":[{"name":"wp","href":"https:\/\/api.w.org\/{rel}","templated":true}]}}