{"id":231185,"date":"2025-10-13T14:27:31","date_gmt":"2025-10-13T17:27:31","guid":{"rendered":"https:\/\/corrientesdetarde.com\/?p=231185"},"modified":"2025-10-13T14:27:45","modified_gmt":"2025-10-13T17:27:45","slug":"milei-le-agradecio-a-trump-por-el-acuerdo-de-paz-entre-israel-y-hamas-su-compromiso-devolvio-esperanzas","status":"publish","type":"post","link":"https:\/\/corrientesdetarde.com\/index.php\/politica\/milei-le-agradecio-a-trump-por-el-acuerdo-de-paz-entre-israel-y-hamas-su-compromiso-devolvio-esperanzas\/","title":{"rendered":"Milei le agradeci\u00f3 a Trump por el acuerdo de paz entre Israel y Hamas: \u201cSu compromiso devolvi\u00f3 esperanzas\u201d"},"content":{"rendered":"\n<p>El Presidente destac\u00f3 el \u201cextraordinario liderazgo y coraje\u201d de su par de Estados Unidos. Adem\u00e1s, pidi\u00f3 por la pronta restituci\u00f3n del cuerpo del argentino Lior Rudaeff.<\/p>\n\n\n\n<p><strong>Javier Milei<\/strong>\u00a0le agradeci\u00f3 a\u00a0<strong>Donald Trump<\/strong>\u00a0por el acuerdo de paz entre Israel y Hamas: \u201cSu compromiso le ha devuelto esperanza al mundo\u201d. Por este acuerdo el grupo terrorista\u00a0<strong>liber\u00f3 a los 20 rehenes<\/strong>\u00a0que mantuvo secuestrados m\u00e1s de dos a\u00f1os en Gaza, entre ellos\u00a0<strong>tres argentinos.<\/strong><\/p>\n\n\n\n<p>El Presidente destac\u00f3 el&nbsp;<strong>\u201cextraordinario liderazgo y su coraje\u201d<\/strong>&nbsp;de su par de Estados Unidos, clave en las negociaciones. Adem\u00e1s pidi\u00f3 por la&nbsp;<strong>pronta restituci\u00f3n&nbsp;<\/strong>del cuerpo del argentino,<strong>&nbsp;Lior Rudaeff, asesinado&nbsp;<\/strong>cuando intentaba defender su kibutz durante la masacre perpetrada el 7 de octubre de 2023.<\/p>\n\n\n\n<p>Milei public\u00f3 en su cuenta de\u00a0<em>X: &#8220;<\/em>Mi m\u00e1s profunda admiraci\u00f3n y gratitud al presidente de Estados Unidos Donald Trump por su extraordinario liderazgo y su coraje para poner fin a la guerra, logrando adem\u00e1s la liberaci\u00f3n de todos los rehenes, entre ellos tres argentinos\u00a0<strong>\u2014Eitan Horn, Ariel y David Cunio\u2014\u201c.<\/strong>\u00a0Adem\u00e1s reclam\u00f3: \u201cTambi\u00e9n aguardamos con esperanza la pronta restituci\u00f3n del cuerpo de Lior Rudaeff, para que su familia<strong>\u00a0pueda despedirlo en paz\u201d.<\/strong><\/p>\n\n\n\n<p><strong>El mandatario destac\u00f3:<\/strong>&nbsp;\u201cGracias, Presidente Trump. Su compromiso con la vida, la libertad y la paz ha devuelto esperanza al mundo. Es un honor considerarlo no s\u00f3lo un aliado en la defensa de esos valores, sino tambi\u00e9n un<strong>&nbsp;querido amigo y un ejemplo de liderazgo<\/strong>&nbsp;que inspira a todos los que creemos en<strong>&nbsp;la libertad\u201d.<\/strong><\/p>\n\n\n\n<h2 class=\"wp-block-heading\">Tras la confirmaci\u00f3n del swap con EE.UU., Javier Milei viaja a Estados Unidos para reunirse con Donald Trump<\/h2>\n\n\n\n<p>Milei partir\u00e1 hacia\u00a0<strong>Estados Unidos<\/strong>para reunirse con Trump, el pr\u00f3ximo martes a las 12.00, en el Sal\u00f3n Oval de la\u00a0<strong>Casa Blanca.<\/strong> El encuentro de ambos se dar\u00e1 tras la confirmaci\u00f3n del swap de\u00a0<strong>US$20.000 millones\u00a0<\/strong>por parte del Tesoro estadounidense hacia la Argentina, y luego del viaje de\u00a0<strong>Trump a Israel y Egipto<\/strong>\u00a0por las gestiones por el acuerdo de paz en Medio Oriente.<\/p>\n\n\n\n<h2 class=\"wp-block-heading\">La agenda completa de Javier Milei en Estados Unidos<\/h2>\n\n\n\n<ul class=\"wp-block-list\">\n<li>El lunes a las 15.00 el vuelo presidencial saldr\u00e1 hacia Washington,\u00a0<strong>donde llegar\u00e1 a las 23.00.<\/strong><\/li>\n\n\n\n<li>El martes al mediod\u00eda el mandatario se presentar\u00e1 en la Casa Blanca donde saludar\u00e1 a su par norteamericano y<strong>\u00a0firmar\u00e1 el libro de honor.\u00a0<\/strong>Luego mantendr\u00e1 una bilateral con el l\u00edder republicano.<\/li>\n\n\n\n<li>Tras ese encuentro,<strong>\u00a0habr\u00e1 un almuerzo de trabajo entre Milei, Trump y las comitivas de ambos pa\u00edses.<\/strong><\/li>\n\n\n\n<li>A las 17.00 el jefe de Estado podr\u00eda participar de una ceremonia de homenaje a<strong>\u00a0Charlie Kirk,<\/strong>\u00a0el l\u00edder conservador y fundador de\u00a0<strong>Turning Point USA,<\/strong>\u00a0que fue asesinado por un disparo el 10 de septiembre.<\/li>\n\n\n\n<li>M\u00e1s tarde Milei firmar\u00e1 el libro de visitas de la\u00a0<strong>Blair House,<\/strong>\u00a0la residencia oficial para los invitados del presidente de los Estados Unidos. Tambi\u00e9n se fotografiar\u00e1 con el personal de la casa.<\/li>\n\n\n\n<li>A las 22.00 de ese d\u00eda el libertario y su comitiva retornar\u00e1n a la Argentina.<strong>\u00a0Llegar\u00e1n a Buenos Aires el mi\u00e9rcoles a las 08.00.<\/strong><\/li>\n<\/ul>\n","protected":false},"excerpt":{"rendered":"<p>El Presidente destac\u00f3 el \u201cextraordinario liderazgo y coraje\u201d de su par de Estados Unidos. Adem\u00e1s, pidi\u00f3 por la pronta restituci\u00f3n del cuerpo del argentino Lior Rudaeff. Javier Milei\u00a0le agradeci\u00f3 a\u00a0Donald&hellip; <\/p>\n","protected":false},"author":8,"featured_media":231186,"comment_status":"closed","ping_status":"open","sticky":false,"template":"","format":"standard","meta":{"footnotes":""},"categories":[3],"tags":[],"class_list":["post-231185","post","type-post","status-publish","format-standard","has-post-thumbnail","hentry","category-politica"],"_links":{"self":[{"href":"https:\/\/corrientesdetarde.com\/index.php\/wp-json\/wp\/v2\/posts\/231185","targetHints":{"allow":["GET"]}}],"collection":[{"href":"https:\/\/corrientesdetarde.com\/index.php\/wp-json\/wp\/v2\/posts"}],"about":[{"href":"https:\/\/corrientesdetarde.com\/index.php\/wp-json\/wp\/v2\/types\/post"}],"author":[{"embeddable":true,"href":"https:\/\/corrientesdetarde.com\/index.php\/wp-json\/wp\/v2\/users\/8"}],"replies":[{"embeddable":true,"href":"https:\/\/corrientesdetarde.com\/index.php\/wp-json\/wp\/v2\/comments?post=231185"}],"version-history":[{"count":1,"href":"https:\/\/corrientesdetarde.com\/index.php\/wp-json\/wp\/v2\/posts\/231185\/revisions"}],"predecessor-version":[{"id":231187,"href":"https:\/\/corrientesdetarde.com\/index.php\/wp-json\/wp\/v2\/posts\/231185\/revisions\/231187"}],"wp:featuredmedia":[{"embeddable":true,"href":"https:\/\/corrientesdetarde.com\/index.php\/wp-json\/wp\/v2\/media\/231186"}],"wp:attachment":[{"href":"https:\/\/corrientesdetarde.com\/index.php\/wp-json\/wp\/v2\/media?parent=231185"}],"wp:term":[{"taxonomy":"category","embeddable":true,"href":"https:\/\/corrientesdetarde.com\/index.php\/wp-json\/wp\/v2\/categories?post=231185"},{"taxonomy":"post_tag","embeddable":true,"href":"https:\/\/corrientesdetarde.com\/index.php\/wp-json\/wp\/v2\/tags?post=231185"}],"curies":[{"name":"wp","href":"https:\/\/api.w.org\/{rel}","templated":true}]}}