{"id":231207,"date":"2025-10-13T15:26:59","date_gmt":"2025-10-13T18:26:59","guid":{"rendered":"https:\/\/corrientesdetarde.com\/?p=231207"},"modified":"2025-10-13T15:27:06","modified_gmt":"2025-10-13T18:27:06","slug":"milei-siguio-en-olivos-el-acuerdo-de-paz-entre-israel-y-hamas-quiere-comunicarse-con-los-argentinos-liberados","status":"publish","type":"post","link":"https:\/\/corrientesdetarde.com\/index.php\/politica\/milei-siguio-en-olivos-el-acuerdo-de-paz-entre-israel-y-hamas-quiere-comunicarse-con-los-argentinos-liberados\/","title":{"rendered":"Milei sigui\u00f3 en Olivos el acuerdo de paz entre Israel y Hamas: quiere comunicarse con los argentinos liberados"},"content":{"rendered":"\n<p>En la Casa Rosada aseguraron que podr\u00eda haber un llamado entre el Presidente y las personas que estuvieron secuestradas. Adem\u00e1s, celebraron el operativo y destacaron el rol del Donald Trump.<a href=\"https:\/\/tn.com.ar\/autor\/Josefina-Godoy-Martinez\/\"><\/a><\/p>\n\n\n\n<p>El\u00a0<strong>Gobierno<\/strong>\u00a0<strong>est\u00e1 en contacto con las familias de los tres argentinos\u00a0<\/strong>que fueron liberados este lunes<strong>\u00a0tras permanecer\u00a0secuestrados<\/strong>\u00a0por el grupo terrorista\u00a0<strong>Hamas<\/strong>. En la Casa Rosada no descartan un llamado entre ellos y\u00a0<strong>Javier Milei<\/strong>\u00a0en los pr\u00f3ximos d\u00edas.\u00a0<strong>\u201cEl Presidente sigui\u00f3 todo muy atentamente desde el principio\u201d,<\/strong>\u00a0expres\u00f3 una fuente oficial. El jefe de Estado observ\u00f3 el operativo desde la quinta de Olivos.<\/p>\n\n\n\n<p><strong>Los tres argentinos que lograron volver a sus casas son Eitan Horn, Ariel y David Cunio.<\/strong>&nbsp;Los tres fueron secuestrados el 7 de octubre de 2023. En la previa de la liberaci\u00f3n, tanto Eitan como los hermano Cunio&nbsp;<strong>pudieron hablar con sus familias a trav\u00e9s de una videollamada.<\/strong><\/p>\n\n\n\n<figure class=\"wp-block-image\"><img decoding=\"async\" src=\"https:\/\/tn.com.ar\/resizer\/v2\/los-tres-argentinos-liberados-por-hamas-este-lunes-fotos-gentileza-familia-horn-semanario-hebreo-jai-y-reuters-IUNJ7K4JINGUZC4VSP7KBWJKEQ.jpg?auth=3d18296ec45fb8951516283fb66d84038a35d94d1111338cfe00b904264bd5ac&amp;width=767\" alt=\"Los tres argentinos liberados por Hamas este lunes. (Fotos: gentileza familia Horn, Semanario Hebreo Jai y Reuters.)\"\/><\/figure>\n\n\n\n<p>Ni bien se conoci\u00f3 la noticia, que tambi\u00e9n incluy\u00f3 la libertad de otras 17 personas, el Ejecutivo se expres\u00f3 a trav\u00e9s de las redes sociales. \u201cLa Oficina del Presidente celebra la liberaci\u00f3n de los 20 rehenes que continuaban en cautiverio (&#8230;) y destaca la labor del&nbsp;<strong>Donald Trump, art\u00edfice de este hito en el camino hacia la paz en Medio Oriente\u201d<\/strong>, indic\u00f3 un comunicado.<\/p>\n\n\n\n<p>\u201cJavier Milei rinde honor a la valent\u00eda y resiliencia de los rehenes que lograron sobrevivir a un cautiverio tan inhumano como prolongado.&nbsp;<strong>Durante dos interminables a\u00f1os, fueron privados de su libertad, torturados, expuestos a sobrevivir condiciones extremas<\/strong>\u201d, complet\u00f3 el documento.<\/p>\n\n\n\n<p>Y agreg\u00f3: \u201cSin embargo, en medio del horror, se mantuvieron firmes.&nbsp;<strong>Resistieron al miedo, al aislamiento y la crueldad con una entereza que hoy erige como s\u00edmbolo de esperanza<\/strong>&nbsp;y de fe en la vida\u201d.<\/p>\n\n\n\n<figure class=\"wp-block-image\"><img decoding=\"async\" src=\"https:\/\/tn.com.ar\/resizer\/v2\/donald-trump-encabezo-en-egipto-la-firma-del-acuerdo-de-paz-entre-israel-y-hamas-foto-ap-suzanne-plunkett-QFMXF65XKREL7O2ZZ2FJFNQGXI.jpg?auth=8a13086dc908346c63764e6eeba422037d0366b8c99aa0047b9195df412657ea&amp;width=767\" alt=\"Donald Trump encabez\u00f3 en Egipto la firma del acuerdo de paz entre Israel y Hamas. (Foto: AP - Suzanne Plunkett)\"\/><\/figure>\n\n\n\n<h2 class=\"wp-block-heading\">Qui\u00e9nes son los tres argentinos liberados por Hamas, luego de pasar m\u00e1s de 700 d\u00edas en cautiverio<\/h2>\n\n\n\n<p>Eitan Horn, de\u00a0<strong>39 a\u00f1os<\/strong>, fue capturado con su hermano\u00a0Iair\u00a0(liberado en febrero de este a\u00f1o) en el Nir Oz, el kibutz cercano a la Franja de Gaza.<\/p>\n\n\n\n<p>En noviembre, Itzik Horn, el padre de ambos, confirm\u00f3 que varios rehenes los hab\u00edan visto. No obstante, no tuvo m\u00e1s noticias de ellos hasta que Iair logr\u00f3 reunirse con su familia.<\/p>\n\n\n\n<p>Luego, el 1 de marzo de este a\u00f1o, los Horn&nbsp;<strong>volvieron a ver a Eitan en un desgarrador video publicado por Hamas<\/strong>. En el material, \u00e9l abraza a Iair antes de ser separados.<\/p>\n\n\n\n<p>Con respecto a los hermanos Cunio, ambos fueron secuestrados en&nbsp;<strong>Nir Oz.<\/strong><\/p>\n\n\n\n<p>David es actor, y ten\u00eda 33 a\u00f1os en el momento en que fue capturado<strong>&nbsp;junto a sus hijas mellizas, Yuli y Emma, de 3 a\u00f1os.<\/strong>&nbsp;Su esposa y madre de las peque\u00f1as, Sharon Aloni Cunio, tambi\u00e9n estaba con ellos.<\/p>\n\n\n\n<p>Durante el primer intercambio de rehenes, en noviembre de 2023, las tres mujeres pudieron volver a su casa, pero David no.<\/p>\n\n\n\n<p>Ariel, por su parte, fue tomado como reh\u00e9n cuando ten\u00eda 26 a\u00f1os. Fue secuestrado junto a su novia,&nbsp;<strong>Arbel Yehud<\/strong>. Antes de ser secuestrado, el joven logr\u00f3 enviarle un mensaje a su hermano Eitan, que sobrevivi\u00f3 a la matanza y se salv\u00f3 de ser capturado:&nbsp;<strong>\u201cEstamos en una pel\u00edcula de terror\u201d,<\/strong>&nbsp;escribi\u00f3.<\/p>\n\n\n\n<p><\/p>\n","protected":false},"excerpt":{"rendered":"<p>En la Casa Rosada aseguraron que podr\u00eda haber un llamado entre el Presidente y las personas que estuvieron secuestradas. Adem\u00e1s, celebraron el operativo y destacaron el rol del Donald Trump.&hellip; <\/p>\n","protected":false},"author":8,"featured_media":231208,"comment_status":"closed","ping_status":"open","sticky":false,"template":"","format":"standard","meta":{"footnotes":""},"categories":[3],"tags":[],"class_list":["post-231207","post","type-post","status-publish","format-standard","has-post-thumbnail","hentry","category-politica"],"_links":{"self":[{"href":"https:\/\/corrientesdetarde.com\/index.php\/wp-json\/wp\/v2\/posts\/231207","targetHints":{"allow":["GET"]}}],"collection":[{"href":"https:\/\/corrientesdetarde.com\/index.php\/wp-json\/wp\/v2\/posts"}],"about":[{"href":"https:\/\/corrientesdetarde.com\/index.php\/wp-json\/wp\/v2\/types\/post"}],"author":[{"embeddable":true,"href":"https:\/\/corrientesdetarde.com\/index.php\/wp-json\/wp\/v2\/users\/8"}],"replies":[{"embeddable":true,"href":"https:\/\/corrientesdetarde.com\/index.php\/wp-json\/wp\/v2\/comments?post=231207"}],"version-history":[{"count":1,"href":"https:\/\/corrientesdetarde.com\/index.php\/wp-json\/wp\/v2\/posts\/231207\/revisions"}],"predecessor-version":[{"id":231209,"href":"https:\/\/corrientesdetarde.com\/index.php\/wp-json\/wp\/v2\/posts\/231207\/revisions\/231209"}],"wp:featuredmedia":[{"embeddable":true,"href":"https:\/\/corrientesdetarde.com\/index.php\/wp-json\/wp\/v2\/media\/231208"}],"wp:attachment":[{"href":"https:\/\/corrientesdetarde.com\/index.php\/wp-json\/wp\/v2\/media?parent=231207"}],"wp:term":[{"taxonomy":"category","embeddable":true,"href":"https:\/\/corrientesdetarde.com\/index.php\/wp-json\/wp\/v2\/categories?post=231207"},{"taxonomy":"post_tag","embeddable":true,"href":"https:\/\/corrientesdetarde.com\/index.php\/wp-json\/wp\/v2\/tags?post=231207"}],"curies":[{"name":"wp","href":"https:\/\/api.w.org\/{rel}","templated":true}]}}