{"id":231210,"date":"2025-10-13T15:30:42","date_gmt":"2025-10-13T18:30:42","guid":{"rendered":"https:\/\/corrientesdetarde.com\/?p=231210"},"modified":"2025-10-13T15:30:54","modified_gmt":"2025-10-13T18:30:54","slug":"el-presidente-que-no-le-renovo-a-lionel-messi-en-el-barcelona-hizo-una-revelacion-sobre-como-quedo-su-relacion","status":"publish","type":"post","link":"https:\/\/corrientesdetarde.com\/index.php\/deportes\/el-presidente-que-no-le-renovo-a-lionel-messi-en-el-barcelona-hizo-una-revelacion-sobre-como-quedo-su-relacion\/","title":{"rendered":"El presidente que no le renov\u00f3 a Lionel Messi en el Barcelona hizo una revelaci\u00f3n sobre c\u00f3mo qued\u00f3 su relaci\u00f3n"},"content":{"rendered":"\n<p>El presidente del Barcelona habl\u00f3 sobre un posible homenaje a la Pulga. \u201cLo merece\u201d, dijo.<\/p>\n\n\n\n<p><strong>Joan Laporta<\/strong>, el presidente del Barcelona que no le renov\u00f3 el contrato a\u00a0<strong>Lionel Messi<\/strong>\u00a0en 2021, cont\u00f3 c\u00f3mo est\u00e1 hoy su relaci\u00f3n con el capit\u00e1n de la Selecci\u00f3n argentina. Adem\u00e1s,\u00a0<strong>revel\u00f3 cu\u00e1l fue el peor momento de su v\u00ednculo.<\/strong><\/p>\n\n\n\n<p>\u201cHemos tenido muy buena relaci\u00f3n durante mucho tiempo.&nbsp;<strong>Cuando no renovamos el contrato se estrope\u00f3 un poco. Y despu\u00e9s m\u00e1s o menos la recuperamos<\/strong>\u201d, cont\u00f3 Laporta en di\u00e1logo con el programa&nbsp;<em>Bestial<\/em>, que presenta Bibiana Ballb\u00e9 en&nbsp;<em>3Cat.<\/em><\/p>\n\n\n\n<p>En ese sentido, Laporta advirti\u00f3 que espera que el Barcelona pueda rendirle honores a Messi en el futuro: \u201c<strong>Confiamos en hacerle el gran homenaje que se merece<\/strong>\u201d.<\/p>\n\n\n\n<figure class=\"wp-block-image\"><img decoding=\"async\" src=\"https:\/\/tn.com.ar\/resizer\/v2\/lionel-messi-jugo-en-el-barcelona-hasta-2021-foto-afp-4VS5BAGM7FDQHJITJJFMKG7MQA.jpg?auth=1f4720302a8dbd1dd48ed7eaf06eec365092e15d389002f85bf67e862561d781&amp;width=767\" alt=\"Lionel Messi jug\u00f3 en el Barcelona hasta 2021. (Foto: AFP)\"\/><\/figure>\n\n\n\n<h2 class=\"wp-block-heading\">De d\u00f3nde vienen las diferencias entre Leo Messi y Joan Laporta<\/h2>\n\n\n\n<p>Messi siempre apoy\u00f3 la elecci\u00f3n de Laporta como presidente, con gestos de complicidad durante sus campa\u00f1as electorales.<\/p>\n\n\n\n<p>En 2021, el presidente cul\u00e9 hab\u00eda asegurado que renovar\u00eda el contrato del argentino, que terminaba en junio de ese a\u00f1o, y todos le creyeron.<\/p>\n\n\n\n<p>En m\u00e1s de una ocasi\u00f3n<strong>&nbsp;insisti\u00f3 en que el delantero seguir\u00eda en el Barcelona<\/strong>&nbsp;y que buscar\u00eda la f\u00f3rmula econ\u00f3mica para lograrlo.<\/p>\n\n\n\n<p>Sin embargo, a la hora de la verdad,<strong>&nbsp;se ech\u00f3 para atr\u00e1s.<\/strong>&nbsp;Todo estaba preparado para la firma del nuevo contrato hasta que anunci\u00f3 que no ser\u00eda posible.<\/p>\n\n\n\n<p><\/p>\n","protected":false},"excerpt":{"rendered":"<p>El presidente del Barcelona habl\u00f3 sobre un posible homenaje a la Pulga. \u201cLo merece\u201d, dijo. Joan Laporta, el presidente del Barcelona que no le renov\u00f3 el contrato a\u00a0Lionel Messi\u00a0en 2021,&hellip; <\/p>\n","protected":false},"author":8,"featured_media":231211,"comment_status":"closed","ping_status":"open","sticky":false,"template":"","format":"standard","meta":{"footnotes":""},"categories":[4],"tags":[],"class_list":["post-231210","post","type-post","status-publish","format-standard","has-post-thumbnail","hentry","category-deportes"],"_links":{"self":[{"href":"https:\/\/corrientesdetarde.com\/index.php\/wp-json\/wp\/v2\/posts\/231210","targetHints":{"allow":["GET"]}}],"collection":[{"href":"https:\/\/corrientesdetarde.com\/index.php\/wp-json\/wp\/v2\/posts"}],"about":[{"href":"https:\/\/corrientesdetarde.com\/index.php\/wp-json\/wp\/v2\/types\/post"}],"author":[{"embeddable":true,"href":"https:\/\/corrientesdetarde.com\/index.php\/wp-json\/wp\/v2\/users\/8"}],"replies":[{"embeddable":true,"href":"https:\/\/corrientesdetarde.com\/index.php\/wp-json\/wp\/v2\/comments?post=231210"}],"version-history":[{"count":1,"href":"https:\/\/corrientesdetarde.com\/index.php\/wp-json\/wp\/v2\/posts\/231210\/revisions"}],"predecessor-version":[{"id":231212,"href":"https:\/\/corrientesdetarde.com\/index.php\/wp-json\/wp\/v2\/posts\/231210\/revisions\/231212"}],"wp:featuredmedia":[{"embeddable":true,"href":"https:\/\/corrientesdetarde.com\/index.php\/wp-json\/wp\/v2\/media\/231211"}],"wp:attachment":[{"href":"https:\/\/corrientesdetarde.com\/index.php\/wp-json\/wp\/v2\/media?parent=231210"}],"wp:term":[{"taxonomy":"category","embeddable":true,"href":"https:\/\/corrientesdetarde.com\/index.php\/wp-json\/wp\/v2\/categories?post=231210"},{"taxonomy":"post_tag","embeddable":true,"href":"https:\/\/corrientesdetarde.com\/index.php\/wp-json\/wp\/v2\/tags?post=231210"}],"curies":[{"name":"wp","href":"https:\/\/api.w.org\/{rel}","templated":true}]}}