{"id":231218,"date":"2025-10-13T15:38:25","date_gmt":"2025-10-13T18:38:25","guid":{"rendered":"https:\/\/corrientesdetarde.com\/?p=231218"},"modified":"2025-10-13T15:38:45","modified_gmt":"2025-10-13T18:38:45","slug":"el-extravagante-plan-de-la-nasa-enviara-tejido-humano-a-la-luna-para-anticipar-danos-en-los-astronautas","status":"publish","type":"post","link":"https:\/\/corrientesdetarde.com\/index.php\/tecnologia\/el-extravagante-plan-de-la-nasa-enviara-tejido-humano-a-la-luna-para-anticipar-danos-en-los-astronautas\/","title":{"rendered":"El extravagante plan de la NASA: enviar\u00e1 tejido humano a la Luna para anticipar da\u00f1os en los astronautas"},"content":{"rendered":"\n<p>Los detalles del proyecto AVATAR, que se realizar\u00e1 en la misi\u00f3n Artemis II, cuando una nave de la agencia estadounidense sobrevolar\u00e1 el astro.<\/p>\n\n\n\n<p><a href=\"https:\/\/tn.com.ar\/autor\/UrielBederman\/\"><\/a><\/p>\n\n\n\n<p>En febrero del pr\u00f3ximo a\u00f1o, la\u00a0<strong>NASA\u00a0<\/strong>concretar\u00e1 un paso fundamental para el esperado\u00a0<strong>regreso de humanos a la Luna<\/strong>. Compuesta por una mujer y tres varones, la misi\u00f3n\u00a0<strong>Artemis II<\/strong>ser\u00e1 la primera con tripulantes en m\u00e1s de 50 a\u00f1os, aunque no descender\u00e1 en la superficie lunar. Eso reci\u00e9n ocurrir\u00eda en el 2027, con Artemis III.<\/p>\n\n\n\n<figure class=\"wp-block-image\"><img decoding=\"async\" src=\"https:\/\/tn.com.ar\/resizer\/v2\/los-integrantes-de-la-mision-artemis-ii-que-el-proximo-ano-sobrevolara-la-luna-foto-reuterssteve-nesius-4QICE7LLP3RONSNUW2XIDZGUMI.jpg?auth=48bbdf5dab249f5e44f1c57ebf7c07127f8ce158db1e27980f834d694f7eb987&amp;width=767\" alt=\"Los integrantes de la misi\u00f3n Artemis II, que el pr\u00f3ximo a\u00f1o sobrevolar\u00e1 la Luna. (Foto: Reuters\/Steve Nesius)\"\/><\/figure>\n\n\n\n<p>El avance es gradual: el vuelo de 2026 orbitar\u00e1 la Luna y la agencia espacial de Estados Unidos aprovechar\u00e1 el acercamiento para realizar una serie de experimentos, incluyendo uno con matices extravagantes.<\/p>\n\n\n\n<p>Seg\u00fan cuenta&nbsp;<em>Science Alert<\/em>, en cierto modo&nbsp;<strong>los tripulantes estar\u00e1n fuera de la nave&nbsp;<\/strong>cuando se aproxime al sat\u00e9lite natural de la Tierra. No lo har\u00e1n abriendo la escotilla y flotando en el espacio exterior, sino dentro de peque\u00f1os chips.<\/p>\n\n\n\n<h2 class=\"wp-block-heading\">Proyecto AVATAR&nbsp;<em>pondr\u00e1 a volar<\/em>&nbsp;tejido humano en la vecindad de la Luna<\/h2>\n\n\n\n<p>Antes de que los humanos desciendan en la Luna \u2014la \u00faltima vez que ocurri\u00f3 fue en 1972, en la misi\u00f3n Apolo 17\u2014 la NASA probar\u00e1&nbsp;<strong>c\u00f3mo reacciona nuestro cuerpo cuando est\u00e1 expuesto a los riesgos de los viajes espaciales<\/strong>. Aquel ser\u00e1 uno de los tantos experimentos que se realizar\u00e1n durante la misi\u00f3n Artemis II.<\/p>\n\n\n\n<p>El&nbsp;<strong>proyecto AVATAR&nbsp;<\/strong>prev\u00e9 la inclusi\u00f3n de&nbsp;<strong>tejido humano en peque\u00f1os chips que ser\u00e1n&nbsp;<\/strong><em><strong>soltados&nbsp;<\/strong><\/em><strong>al espacio<\/strong>. \u201cLos resultados (de esta investigaci\u00f3n) podr\u00edan tener un impacto significativo en c\u00f3mo tratamos no solo a los humanos que se aventuran a cruzar la \u00faltima frontera, sino tambi\u00e9n a quienes necesitamos atenci\u00f3n m\u00e9dica aqu\u00ed en la Tierra\u201d, observa la fuente.<\/p>\n\n\n\n<p>Seg\u00fan Steve Platts, jefe del Programa de Investigaci\u00f3n Humana de la NASA, se han identificado cinco&nbsp;<strong>peligros fundamentales de los vuelos espaciales que impactan en la salud humana<\/strong>. El experto mencion\u00f3 la radiaci\u00f3n, el aislamiento y el encierro, la lejan\u00eda con los medios de asistencia, y las variaciones de la gravedad. \u201cEstar en un veh\u00edculo muy peque\u00f1o que huele mal, es algo ruidoso, dificulta el sue\u00f1o; todas esas cosas forman parte de ese peligro\u201d, explic\u00f3 Platts.<\/p>\n\n\n\n<p>En ese contexto, no solo es factible el agobio. Entre los\u00a0<strong>problemas de salud en el espacio<\/strong>\u00a0se destacan los cambios en la visi\u00f3n, el debilitamiento de la salud cardiovascular, disfunciones er\u00e9ctiles y especialmente la p\u00e9rdida \u00f3sea. El desaf\u00edo principal del equipo que lidera Platts en investoigar las causas y buscar formas para superar los\u00a0<strong>inconvenientes que suponen las estad\u00edas de largo plazo en el espacio<\/strong>.<\/p>\n\n\n\n<h2 class=\"wp-block-heading\">Un chequeo m\u00e9dico, m\u00e1s all\u00e1 de la Tierra<\/h2>\n\n\n\n<p>El experto de la NASA hizo referencia al experimento que prev\u00e9n realizar en Artemis II, que ser\u00e1 como una especie de revisi\u00f3n de rutina, pero en el espacio. \u201cSon un conjunto b\u00e1sico de mediciones que realizamos, como cuando uno va al m\u00e9dico para su chequeo anual, donde le toman la presi\u00f3n arterial y la frecuencia card\u00edaca, y le toman una muestra de sangre y orina\u201d, not\u00f3 Pratts.<\/p>\n\n\n\n<figure class=\"wp-block-image\"><img decoding=\"async\" src=\"https:\/\/tn.com.ar\/resizer\/v2\/en-el-espacio-hay-riesgos-para-la-salud-humana-diferentes-a-los-que-conocemos-aqui-en-la-tierra-foto-creada-con-chatgpt-IOCNUTOFL5EK7AYCWJI4QHVNNE.png?auth=793100ab2d8d31904e7770fd63d9e35f1a8e17ef1fee06d3e9c594dc18311cd4&amp;width=767\" alt=\"En el espacio hay riesgos para la salud humana diferentes a los que conocemos aqu\u00ed en la Tierra. (Foto: Creada con ChatGPT)\"\/><\/figure>\n\n\n\n<p>En las inmediaciones de la Luna, los tripulantes dentro de la nave ser\u00e1n evaluados mediante un sensor de mu\u00f1eca, para conocer el impacto de la actividad y la exposici\u00f3n a la luz, adem\u00e1s de sometidos a pruebas congnitivas y de habilidades motoras.&nbsp;<strong>AVATAR ir\u00e1 un paso m\u00e1s all\u00e1<\/strong>, con el objetivo de detectar anomal\u00edas en \u201cla l\u00ednea de fuego\u201d, es decir, fuera de las instalaciones.<\/p>\n\n\n\n<p>A pesar de la tentaci\u00f3n y los paralelismos inevitables, el nombre del proyecto no hace referencia a la pel\u00edcula de James Cameron. En cambio,&nbsp;<strong>\u201cAVATAR\u201d es la sigla en ingl\u00e9s de \u201cRespuesta Anal\u00f3gica de Tejido de Astronauta Virtual\u201d<\/strong>.<\/p>\n\n\n\n<h2 class=\"wp-block-heading\">\u00bfC\u00f3mo es el chip con tejido humano?<\/h2>\n\n\n\n<p>Desde la agencia espacial estadounidense lo describen como un \u201c<strong>\u00f3rgano en un chip<\/strong>\u201d. Tiene el tama\u00f1o de una memoria USB y \u201csirve como sustituto del cuerpo humano\u201d, se\u00f1ala la fuente e indica que si bien el uso de tejidos de sujetos de prueba no es novedoso, la combinaci\u00f3n de muestras de donantes en una misi\u00f3n al espacio no tiene precedentes.<\/p>\n\n\n\n<figure class=\"wp-block-image\"><img decoding=\"async\" src=\"https:\/\/tn.com.ar\/resizer\/v2\/asi-es-el-chip-que-tendra-tejido-humano-foto-nasaemulate-RCVOHNP6WFHZVKCSAXQDAT3PQA.png?auth=955e670adf14d9bb2d4c879e3d7d3b98f39227205d0d5c2ed76dc630af99466b&amp;width=767\" alt=\"As\u00ed es el chip que tendr\u00e1 tejido humano. (Foto: NASA\/Emulate)\"\/><\/figure>\n\n\n\n<p>\u201cSer\u00e1 un modelo de m\u00e9dula \u00f3sea creado con cada uno de los astronautas\u201d, detall\u00f3 Lisa Carnell, directora de la divisi\u00f3n de Ciencias Biol\u00f3gicas y F\u00edsicas de la NASA. \u201cAs\u00ed, cada tripulane en Artemis II contribuye con sus c\u00e9lulas para crear sus propios avatares en miniatura\u201d, agreg\u00f3.<\/p>\n\n\n\n<p>Seg\u00fan concluy\u00f3 la especialista, el objetivo es crear estos avatares personalizados, enviarlos para estudiar el efecto del entorno espacial en los astronautas y desarrollar contramedidas. Adem\u00e1s, remarc\u00f3 que&nbsp;<strong>esta modalidad podr\u00eda revolucionar la medicina, tambi\u00e9n en la Tierra<\/strong>, ofreciendo un modo superpersonalizado para cultivar y mantener muestras de tejido. \u201cEsto no es solo para la NASA. Es para toda la humanidad\u201d, cerr\u00f3 Carnell.<\/p>\n\n\n\n<p><\/p>\n","protected":false},"excerpt":{"rendered":"<p>Los detalles del proyecto AVATAR, que se realizar\u00e1 en la misi\u00f3n Artemis II, cuando una nave de la agencia estadounidense sobrevolar\u00e1 el astro. En febrero del pr\u00f3ximo a\u00f1o, la\u00a0NASA\u00a0concretar\u00e1 un&hellip; <\/p>\n","protected":false},"author":8,"featured_media":231219,"comment_status":"closed","ping_status":"open","sticky":false,"template":"","format":"standard","meta":{"footnotes":""},"categories":[24],"tags":[],"class_list":["post-231218","post","type-post","status-publish","format-standard","has-post-thumbnail","hentry","category-tecnologia"],"_links":{"self":[{"href":"https:\/\/corrientesdetarde.com\/index.php\/wp-json\/wp\/v2\/posts\/231218","targetHints":{"allow":["GET"]}}],"collection":[{"href":"https:\/\/corrientesdetarde.com\/index.php\/wp-json\/wp\/v2\/posts"}],"about":[{"href":"https:\/\/corrientesdetarde.com\/index.php\/wp-json\/wp\/v2\/types\/post"}],"author":[{"embeddable":true,"href":"https:\/\/corrientesdetarde.com\/index.php\/wp-json\/wp\/v2\/users\/8"}],"replies":[{"embeddable":true,"href":"https:\/\/corrientesdetarde.com\/index.php\/wp-json\/wp\/v2\/comments?post=231218"}],"version-history":[{"count":1,"href":"https:\/\/corrientesdetarde.com\/index.php\/wp-json\/wp\/v2\/posts\/231218\/revisions"}],"predecessor-version":[{"id":231220,"href":"https:\/\/corrientesdetarde.com\/index.php\/wp-json\/wp\/v2\/posts\/231218\/revisions\/231220"}],"wp:featuredmedia":[{"embeddable":true,"href":"https:\/\/corrientesdetarde.com\/index.php\/wp-json\/wp\/v2\/media\/231219"}],"wp:attachment":[{"href":"https:\/\/corrientesdetarde.com\/index.php\/wp-json\/wp\/v2\/media?parent=231218"}],"wp:term":[{"taxonomy":"category","embeddable":true,"href":"https:\/\/corrientesdetarde.com\/index.php\/wp-json\/wp\/v2\/categories?post=231218"},{"taxonomy":"post_tag","embeddable":true,"href":"https:\/\/corrientesdetarde.com\/index.php\/wp-json\/wp\/v2\/tags?post=231218"}],"curies":[{"name":"wp","href":"https:\/\/api.w.org\/{rel}","templated":true}]}}