{"id":231221,"date":"2025-10-13T15:42:33","date_gmt":"2025-10-13T18:42:33","guid":{"rendered":"https:\/\/corrientesdetarde.com\/?p=231221"},"modified":"2025-10-13T15:42:55","modified_gmt":"2025-10-13T18:42:55","slug":"se-conocieron-las-primeras-imagenes-de-los-rehenes-argentinos-liberados-por-los-terroristas-de-hamas","status":"publish","type":"post","link":"https:\/\/corrientesdetarde.com\/index.php\/internacionales\/se-conocieron-las-primeras-imagenes-de-los-rehenes-argentinos-liberados-por-los-terroristas-de-hamas\/","title":{"rendered":"Se conocieron las primeras im\u00e1genes de los rehenes argentinos liberados por los terroristas de Hamas"},"content":{"rendered":"\n<p>Los hermanos David y Ariel Cunio y Eitan Horn fueron secuestrados el pasado 7 de octubre de 2023, con el brutal ataque que tuvo lugar en Israel.<\/p>\n\n\n\n<p>Despu\u00e9s del\u00a0<strong>acuerdo de paz<\/strong>\u00a0entre\u00a0<strong>Israel<\/strong> y\u00a0<strong>Hamas<\/strong>, impulsado por\u00a0<strong>Estados Unidos<\/strong>\u00a0y\u00a0<strong>Donald Trump<\/strong>, el grupo terrorista\u00a0<strong>liber\u00f3 a 20 rehenes israel\u00edes\u00a0<\/strong>que manten\u00edan en cautiverio desde el 7 de octubre de 2023. Entre ellos hab\u00eda tres argentinos:\u00a0<strong>los hermanos David y Ariel Cunio\u00a0<\/strong>y\u00a0<strong>Eitan Horn<\/strong>.<\/p>\n\n\n\n<p>Antes de ser trasladados al hospital para hacerse chequeos m\u00e9dicos y reencontrarse con sus familias,&nbsp;<strong>fueron recibidos por las Fuerzas de Israel<\/strong>&nbsp;en las instalaciones militares de la&nbsp;<strong>ciudad de Reim<\/strong>.<\/p>\n\n\n\n<p>Se trata de las<strong>&nbsp;primeras im\u00e1genes de los argentinos<\/strong>&nbsp;despu\u00e9s de haber sido secuestrados el pasado&nbsp;<strong>7 de octubre de 2023<\/strong>&nbsp;por Hamas. Horas antes de su liberaci\u00f3n, pudieron contactarse con sus respectivas familias<strong>&nbsp;a trav\u00e9s de una videollamada<\/strong>.<\/p>\n\n\n\n<h2 class=\"wp-block-heading\">Las fotos de los hermanos Cunio y Eitan Horn despu\u00e9s de su liberaci\u00f3n<\/h2>\n\n\n\n<figure class=\"wp-block-image\"><img decoding=\"async\" src=\"https:\/\/tn.com.ar\/resizer\/v2\/la-primera-foto-de-ariel-cunio-tras-su-liberacion-foto-xitayblumental-fdi-KVKYX774LRF5NKGEBRSDH42UW4.jpg?auth=953cc53de935490b004ae06158c9a5f532e55b5115bf0b7d04d398fc349bdf1f&amp;width=767\" alt=\"La primera foto de Ariel Cunio tras su liberaci\u00f3n. (Foto: X\/@ItayBlumental - FDI)\"\/><\/figure>\n\n\n\n<figure class=\"wp-block-image\"><img decoding=\"async\" src=\"https:\/\/tn.com.ar\/resizer\/v2\/la-primera-imagen-de-eitan-horn-despues-de-su-liberacion-foto-xitayblumental-fdi-4GLFJI6YYFAINFEUGQQPOLIVLE.jpg?auth=632f582477118d4d8bf923a2f6903aaaaa3ae06d71bf91f1f285956ce4b67ab5&amp;width=767\" alt=\"La primera imagen de Eitan Horn despu\u00e9s de su liberaci\u00f3n. (Foto: X\/@ItayBlumental - FDI)\"\/><\/figure>\n\n\n\n<figure class=\"wp-block-image\"><img decoding=\"async\" src=\"https:\/\/tn.com.ar\/resizer\/v2\/david-cunio-fue-liberado-junto-a-su-hermano-este-lunes-foto-xitayblumental-fdi-4E2ETK3TEJGN3DVMDNOEUVLPPA.jpg?auth=077c5d2aab6fae2016c5ebcb5bac54a5474ee4c1393d8885c587bb0eb62c4710&amp;width=767\" alt=\"David Cunio fue liberado junto a su hermano este lunes. (Foto: X\/@ItayBlumental - FDI)\"\/><\/figure>\n\n\n\n<h2 class=\"wp-block-heading\">El comunicado de la familia Horn despu\u00e9s de la liberaci\u00f3n de Eitan<\/h2>\n\n\n\n<p>Eitan Horn fue liberado este lunes 13 de octubre despu\u00e9s de haber sido secuestrado por Hamas el pasado 7 de octubre de 2023.<\/p>\n\n\n\n<p>Despu\u00e9s de dos a\u00f1os, pudo reencontrarse con su familia. Iair, que tambi\u00e9n fue secuestrado por el grupo terrorista, hab\u00eda sido liberado en febrero de este a\u00f1o.<\/p>\n\n\n\n<p>Luego del reencuentro, la familia Horn emiti\u00f3 un comunicado para celebrar la liberaci\u00f3n de Etian:<\/p>\n\n\n\n<p><em>\u201cTras 738 largos y dif\u00edciles d\u00edas de cautiverio en Ham\u00e1s, Eitan regresa a casa.&nbsp;<\/em><em><strong>Ahora nuestra familia est\u00e1 completa<\/strong><\/em><em>.<\/em><em><strong>&nbsp;Hoy, Iair, quien fue liberado en febrero de 2025, por fin puede respirar y sentirse verdaderamente libre<\/strong><\/em><em>. Nuestro Eitan cruz\u00f3 la frontera y regres\u00f3 a Israel tras m\u00e1s de dos a\u00f1os de infierno\u201d.<\/em><\/p>\n\n\n\n<p><em>Lo esperamos con abrazos y mucho cari\u00f1o, y lo acompa\u00f1aremos durante todo su proceso de recuperaci\u00f3n.&nbsp;<\/em><em><strong>Estaremos con \u00e9l y a su lado todo el tiempo que sea necesario<\/strong><\/em><em>, y le recordaremos cu\u00e1nto luch\u00f3 la sociedad israel\u00ed por \u00e9l y por todos los rehenes.<\/em><\/p>\n\n\n\n<figure class=\"wp-block-image\"><img decoding=\"async\" src=\"https:\/\/tn.com.ar\/resizer\/v2\/la-familia-horn-se-reunio-completa-despues-de-dos-anos-foto-xitaybluemental-K4AJY43C6JEYRHEMSIJPMS2OBQ.jpg?auth=8de6b1be10bb2ddf421cbb1423ded84ef190da5c1ae6d7eeb180b5027ba4153d&amp;width=767\" alt=\"La familia Horn se reuni\u00f3 completa despu\u00e9s de dos a\u00f1os. (Foto: X\/@ItayBluemental)\"\/><\/figure>\n\n\n\n<p><em>Pero nuestros corazones no est\u00e1n completos y nuestra lucha no ha terminado. Eitan ha regresado, pero no es suficiente.&nbsp;<\/em><em><strong>Solo cuando regrese el \u00faltimo reh\u00e9n podremos decir que hemos cumplido con nuestra misi\u00f3n y obligaci\u00f3n moral<\/strong><\/em><em>.<\/em><\/p>\n\n\n\n<p><em>S\u00f3lo despu\u00e9s de recuperar al \u00faltimo reh\u00e9n podremos iniciar el proceso de recuperaci\u00f3n y reconstrucci\u00f3n de nuestro amado pa\u00eds.<\/em><\/p>\n\n\n\n<p><em>Agradecemos a los soldados y fuerzas de seguridad de las FDI que arriesgaron sus vidas y cuerpos, y enviamos nuestras condolencias a las familias que perdieron a su ser m\u00e1s preciado.&nbsp;<\/em><em><strong>Los llevamos siempre en nuestros corazones<\/strong><\/em><em>.<\/em><\/p>\n\n\n\n<figure class=\"wp-block-image\"><img decoding=\"async\" src=\"https:\/\/tn.com.ar\/resizer\/v2\/la-familia-horn-emitio-un-comunicado-tras-la-liberacion-de-eitan-foto-xitayblumental-7E5FAU753NBR7D4F5XO3EDEHHU.jpg?auth=0afbc71ddcd732ea325792fdb55d088fab90b5017a7c22643f9fa061d52e7516&amp;width=767\" alt=\"La familia Horn emiti\u00f3 un comunicado tras la liberaci\u00f3n de Eitan. (Foto: X\/@ItayBlumental)\"\/><\/figure>\n\n\n\n<p><em><strong>Un gran agradecimiento a la comunidad de Nir Oz<\/strong><\/em><em>,&nbsp;<\/em><em><strong>al Foro de Familias de Rehenes<\/strong><\/em><em>&nbsp;y&nbsp;<\/em><em><strong>al cap\u00edtulo de Kfar Saba que nos han acompa\u00f1ado<\/strong><\/em><em>&nbsp;y continuar\u00e1n acompa\u00f1\u00e1ndonos hasta que todos regresemos a casa.<\/em><\/p>\n\n\n\n<p><em>Ahora m\u00e1s que nunca, \u00fanete a nosotros para que la frase \u201chasta el \u00faltimo reh\u00e9n\u201d sea una realidad y no un eslogan vac\u00edo&#8221;.<\/em><\/p>\n","protected":false},"excerpt":{"rendered":"<p>Los hermanos David y Ariel Cunio y Eitan Horn fueron secuestrados el pasado 7 de octubre de 2023, con el brutal ataque que tuvo lugar en Israel. Despu\u00e9s del\u00a0acuerdo de&hellip; <\/p>\n","protected":false},"author":8,"featured_media":231222,"comment_status":"closed","ping_status":"open","sticky":false,"template":"","format":"standard","meta":{"footnotes":""},"categories":[11],"tags":[],"class_list":["post-231221","post","type-post","status-publish","format-standard","has-post-thumbnail","hentry","category-internacionales"],"_links":{"self":[{"href":"https:\/\/corrientesdetarde.com\/index.php\/wp-json\/wp\/v2\/posts\/231221","targetHints":{"allow":["GET"]}}],"collection":[{"href":"https:\/\/corrientesdetarde.com\/index.php\/wp-json\/wp\/v2\/posts"}],"about":[{"href":"https:\/\/corrientesdetarde.com\/index.php\/wp-json\/wp\/v2\/types\/post"}],"author":[{"embeddable":true,"href":"https:\/\/corrientesdetarde.com\/index.php\/wp-json\/wp\/v2\/users\/8"}],"replies":[{"embeddable":true,"href":"https:\/\/corrientesdetarde.com\/index.php\/wp-json\/wp\/v2\/comments?post=231221"}],"version-history":[{"count":1,"href":"https:\/\/corrientesdetarde.com\/index.php\/wp-json\/wp\/v2\/posts\/231221\/revisions"}],"predecessor-version":[{"id":231223,"href":"https:\/\/corrientesdetarde.com\/index.php\/wp-json\/wp\/v2\/posts\/231221\/revisions\/231223"}],"wp:featuredmedia":[{"embeddable":true,"href":"https:\/\/corrientesdetarde.com\/index.php\/wp-json\/wp\/v2\/media\/231222"}],"wp:attachment":[{"href":"https:\/\/corrientesdetarde.com\/index.php\/wp-json\/wp\/v2\/media?parent=231221"}],"wp:term":[{"taxonomy":"category","embeddable":true,"href":"https:\/\/corrientesdetarde.com\/index.php\/wp-json\/wp\/v2\/categories?post=231221"},{"taxonomy":"post_tag","embeddable":true,"href":"https:\/\/corrientesdetarde.com\/index.php\/wp-json\/wp\/v2\/tags?post=231221"}],"curies":[{"name":"wp","href":"https:\/\/api.w.org\/{rel}","templated":true}]}}