{"id":231224,"date":"2025-10-13T16:05:13","date_gmt":"2025-10-13T19:05:13","guid":{"rendered":"https:\/\/corrientesdetarde.com\/?p=231224"},"modified":"2025-10-13T16:05:25","modified_gmt":"2025-10-13T19:05:25","slug":"la-escuderia-williams-hizo-un-importante-anuncio-para-el-gran-premio-de-mexico-de-la-formula-1","status":"publish","type":"post","link":"https:\/\/corrientesdetarde.com\/index.php\/deportes\/la-escuderia-williams-hizo-un-importante-anuncio-para-el-gran-premio-de-mexico-de-la-formula-1\/","title":{"rendered":"La escuder\u00eda Williams hizo un importante anuncio para el Gran Premio de M\u00e9xico de la F\u00f3rmula 1"},"content":{"rendered":"\n<p>Antes de desembarcar en Estados Unidos, el equipo ingl\u00e9s anticip\u00f3 una novedad para la siguiente carrera.<\/p>\n\n\n\n<p>La escuder\u00eda\u00a0<strong>Williams<\/strong>\u00a0anunci\u00f3 que\u00a0<strong>Carlos Sainz no participar\u00e1 de la primera pr\u00e1ctica libre del Gran Premio de M\u00e9xico<\/strong>, que se disputar\u00e1 del 24 al 26 de octubre en el aut\u00f3dromo Hermanos Rodr\u00edguez.\u00a0<strong>Su lugar ser\u00e1 tomado por\u00a0Luke Browning<\/strong>, que as\u00ed dar\u00e1 cumplimiento a una norma que establece la<strong>\u00a0F\u00f3rmula 1\u00a0<\/strong>sobre la participaci\u00f3n de los novatos.<\/p>\n\n\n\n<p>El Art\u00edculo 32.4c del Reglamento Deportivo de la FIA 2025 establece que&nbsp;<strong>cada equipo debe alinear a un piloto debutante en la primera sesi\u00f3n de entrenamientos libres en cuatro ocasiones&nbsp;<\/strong>a lo largo de la temporada, es decir, dos por coche.<\/p>\n\n\n\n<p>En el caso de Williams,<strong>&nbsp;esta ser\u00e1 la tercera de las cuatro sesiones obligatorias&nbsp;<\/strong>para pilotos novatos de este a\u00f1o.<\/p>\n\n\n\n<p>Browning, piloto de la Academia Williams Racing, estar\u00e1 el viernes 24 de octubre en la primera pr\u00e1ctica del Gran Premio de la Ciudad de M\u00e9xico 2025 al volante del monoplaza FW47 de Sainz.&nbsp;<strong>Ser\u00e1 su segunda participaci\u00f3n con ese auto<\/strong>&nbsp;tras haber salido a la pista en Bahr\u00e9in este a\u00f1o.<\/p>\n\n\n\n<figure class=\"wp-block-image\"><img decoding=\"async\" src=\"https:\/\/tn.com.ar\/resizer\/v2\/luke-browning-es-piloto-de-la-academia-williams-racing-y-pelea-por-el-titulo-en-la-f2-foto-lukebrowningracingig-SOXWAZDNMBFHTGXH2UE7MIF7TU.jpg?auth=2473a9a4b0955a46c946eb89e6341d9d3fa98099760575ea261c4c1bc5f5003f&amp;width=767\" alt=\"Luke Browning es piloto de la Academia Williams Racing y pelea por el t\u00edtulo en la F2. (Foto: lukebrowningracing\/IG)\"\/><\/figure>\n\n\n\n<p>Tambi\u00e9n manej\u00f3 el FW46 en el primer entrenamiento del Gran Premio de Abu Dhabi de 2024 y el FW45 en el programa TPC (Pruebas de Coches Previos), adem\u00e1s de aportar sus conocimiento al equipo en el desarrollo en simuladores.<\/p>\n\n\n\n<p>\u201cEstoy enormemente agradecido por tener otra oportunidad de conducir en una sesi\u00f3n de pr\u00e1ctica libre con Williams y experimentar el FW47 por segunda vez\u201d, dijo en declaraciones al sitio web oficial de Williams Browning, que actualmente da pelea en el campeonato de la F2.<\/p>\n\n\n\n<p>Y agreg\u00f3: \u201c<strong>Tengo muchas ganas de volver a subirme a un coche de F1&nbsp;<\/strong>y estoy incre\u00edblemente agradecido a todos en la Academia de Pilotos y en Williams por su confianza y apoyo\u201d.<\/p>\n\n\n\n<p>Desde Williams destacaron esta actuaci\u00f3n que tendr\u00e1 Browning y<strong>&nbsp;lo compararon con la oportunidad que ya tuvo otro piloto de su Academia: el argentino Franco Colapinto, que actualmente corre en Alpine.<\/strong><\/p>\n\n\n\n<p>\u201cLa participaci\u00f3n de Luke en la sesi\u00f3n de FP1 forma parte de la orgullosa tradici\u00f3n de la Academia de Pilotos de Williams Racing de brindar a j\u00f3venes talentos una v\u00eda hacia la F1, como<strong>&nbsp;lo demuestra recientemente la incorporaci\u00f3n del exalumno de la Academia, Franco Colapinto, a un puesto de piloto de F1.<\/strong>&nbsp;La Academia de Pilotos apoya a pilotos de todos los niveles del automovilismo, trabajando con ellos dentro y fuera de la pista para desarrollar las habilidades necesarias para competir al m\u00e1ximo nivel\u201d, resaltaron.<\/p>\n\n\n\n<h2 class=\"wp-block-heading\">Agenda del GP de M\u00e9xico de la F\u00f3rmula 1<\/h2>\n\n\n\n<p><strong>Viernes 24 de octubre<\/strong><\/p>\n\n\n\n<ul class=\"wp-block-list\">\n<li><strong>Pr\u00e1cticas Libres 1<\/strong>: 15:30<\/li>\n\n\n\n<li><strong>Pr\u00e1cticas Libres 2:\u00a0<\/strong>19:00<\/li>\n<\/ul>\n\n\n\n<p><strong>S\u00e1bado 25 de octubre<\/strong><\/p>\n\n\n\n<ul class=\"wp-block-list\">\n<li><strong>Pr\u00e1cticas Libres 3:<\/strong>\u00a014:30<\/li>\n\n\n\n<li><strong>Clasificaci\u00f3n:<\/strong>\u00a018:00<\/li>\n<\/ul>\n\n\n\n<p><strong>Domingo 26 de octubre<\/strong><\/p>\n\n\n\n<ul class=\"wp-block-list\">\n<li><strong>Carrera:\u00a0<\/strong>17:00<\/li>\n<\/ul>\n\n\n\n<p><\/p>\n","protected":false},"excerpt":{"rendered":"<p>Antes de desembarcar en Estados Unidos, el equipo ingl\u00e9s anticip\u00f3 una novedad para la siguiente carrera. La escuder\u00eda\u00a0Williams\u00a0anunci\u00f3 que\u00a0Carlos Sainz no participar\u00e1 de la primera pr\u00e1ctica libre del Gran Premio&hellip; <\/p>\n","protected":false},"author":8,"featured_media":231225,"comment_status":"closed","ping_status":"open","sticky":false,"template":"","format":"standard","meta":{"footnotes":""},"categories":[4],"tags":[],"class_list":["post-231224","post","type-post","status-publish","format-standard","has-post-thumbnail","hentry","category-deportes"],"_links":{"self":[{"href":"https:\/\/corrientesdetarde.com\/index.php\/wp-json\/wp\/v2\/posts\/231224","targetHints":{"allow":["GET"]}}],"collection":[{"href":"https:\/\/corrientesdetarde.com\/index.php\/wp-json\/wp\/v2\/posts"}],"about":[{"href":"https:\/\/corrientesdetarde.com\/index.php\/wp-json\/wp\/v2\/types\/post"}],"author":[{"embeddable":true,"href":"https:\/\/corrientesdetarde.com\/index.php\/wp-json\/wp\/v2\/users\/8"}],"replies":[{"embeddable":true,"href":"https:\/\/corrientesdetarde.com\/index.php\/wp-json\/wp\/v2\/comments?post=231224"}],"version-history":[{"count":1,"href":"https:\/\/corrientesdetarde.com\/index.php\/wp-json\/wp\/v2\/posts\/231224\/revisions"}],"predecessor-version":[{"id":231226,"href":"https:\/\/corrientesdetarde.com\/index.php\/wp-json\/wp\/v2\/posts\/231224\/revisions\/231226"}],"wp:featuredmedia":[{"embeddable":true,"href":"https:\/\/corrientesdetarde.com\/index.php\/wp-json\/wp\/v2\/media\/231225"}],"wp:attachment":[{"href":"https:\/\/corrientesdetarde.com\/index.php\/wp-json\/wp\/v2\/media?parent=231224"}],"wp:term":[{"taxonomy":"category","embeddable":true,"href":"https:\/\/corrientesdetarde.com\/index.php\/wp-json\/wp\/v2\/categories?post=231224"},{"taxonomy":"post_tag","embeddable":true,"href":"https:\/\/corrientesdetarde.com\/index.php\/wp-json\/wp\/v2\/tags?post=231224"}],"curies":[{"name":"wp","href":"https:\/\/api.w.org\/{rel}","templated":true}]}}