{"id":231227,"date":"2025-10-13T16:10:10","date_gmt":"2025-10-13T19:10:10","guid":{"rendered":"https:\/\/corrientesdetarde.com\/?p=231227"},"modified":"2025-10-13T16:10:41","modified_gmt":"2025-10-13T19:10:41","slug":"pampita-hablo-despues-de-que-la-china-suarez-dejara-de-seguirla-en-redes-no-tengo-idea-de-que-paso","status":"publish","type":"post","link":"https:\/\/corrientesdetarde.com\/index.php\/espectaculos\/pampita-hablo-despues-de-que-la-china-suarez-dejara-de-seguirla-en-redes-no-tengo-idea-de-que-paso\/","title":{"rendered":"Pampita habl\u00f3 despu\u00e9s de que la China Su\u00e1rez dejara de seguirla en redes: \u201cNo tengo idea de qu\u00e9 pas\u00f3\u201d"},"content":{"rendered":"\n<p>La modelo se mostr\u00f3 sorprendida por la actitud de la actriz. Todos los detalles.<\/p>\n\n\n\n<p><strong>Pampita<\/strong> habl\u00f3 despu\u00e9s de que la\u00a0<strong>China Su\u00e1rez<\/strong> dejara de seguirla en redes sociales. En di\u00e1logo con\u00a0<em>Intrusos<\/em>\u00a0(<em>Am\u00e9rica<\/em>),\u00a0<strong>se mostr\u00f3 sorprendida\u00a0<\/strong>con\u00a0<strong>la actitud de la actriz<\/strong>.<\/p>\n\n\n\n<p>Lejos de toda pol\u00e9mica, la top expres\u00f3: \u201cNo tengo idea qu\u00e9 pas\u00f3. Todo s\u00faperbien entre nosotras. Por lo menos,&nbsp;<strong>de mi parte siempre hubo respeto y buena intenci\u00f3n de tener un buen v\u00ednculo\u201d<\/strong>. \u201cHay un lazo ac\u00e1, que siempre va a estar, que es que nuestros hijos son hermanos y eso nos hizo ponernos en un lugar de respeto absoluto\u201d, destaco.<\/p>\n\n\n\n<figure class=\"wp-block-image\"><img decoding=\"async\" src=\"https:\/\/tn.com.ar\/resizer\/v2\/el-gesto-de-pampita-tras-el-desplante-de-la-china-suarez-en-redes-sociales-foto-instagram-juariu-HSCLCNI7OVEHHMIQXP7BLDZBOU.jpg?auth=7f330ed8c218159f837b604f5f86648f351dee0da9ef4c51e8c27bf7e2a3e96e&amp;width=767\" alt=\"El gesto de Pampita tras el desplante de la China Su\u00e1rez en redes sociales (Foto: Instagram \/juariu)\"\/><\/figure>\n\n\n\n<p>Consultada acerca de si la actitud de la artista le llam\u00f3 la atenci\u00f3n, admiti\u00f3: \u201c<strong>S\u00ed, no lo he podido conversar. Seguro en alg\u00fan momento se dar\u00e1<\/strong>\u201d.<\/p>\n\n\n\n<p>El cronista se\u00f1al\u00f3 que se especul\u00f3 con que el gesto se deb\u00eda a que la modelo se hab\u00eda convertido en embajadora de una marca de perfumes, que antes ten\u00eda a la China como figura. \u201cNo, no creo, yo trabajo hace 20 a\u00f1os con Carolina Herrera.&nbsp;<strong>No hay entre nosotras una cosa de trabajo, de rispidez, para nada<\/strong>. Nunca lo sent\u00ed as\u00ed, por lo menos de mi parte\u201d, indic\u00f3.<\/p>\n\n\n\n<p>Respecto a la posibilidad de que el enojo se debiera a que ella sali\u00f3 a respaldar a Benjam\u00edn Vicu\u00f1a en su rol de padre, tras la dura carta abierta de la actriz, respondi\u00f3: \u201cNo s\u00e9, no tengo idea, pero&nbsp;<strong>de mi parte siempre va a haber buena intenci\u00f3n de que el v\u00ednculo est\u00e9 bien\u201d.<\/strong><\/p>\n\n\n\n<h2 class=\"wp-block-heading\">Pampita habl\u00f3 del festejo de cumplea\u00f1os de su hijo Benicio y la familia ensamblada<\/h2>\n\n\n\n<p>Este domingo,\u00a0Pampita y Benjam\u00edn Vicu\u00f1a celebraron los 11 a\u00f1os de Benicio, su hijo m\u00e1s chico. Lo que m\u00e1s llam\u00f3 la atenci\u00f3n fue que todos se mostraron como unafamilia armoniosa y ensamblada.<\/p>\n\n\n\n<p>\u201c\u00c9l estaba muy feliz de que estuvi\u00e9ramos todos y es lo importante. Para m\u00ed es renormal, siempre me manejo as\u00ed,&nbsp;<strong>somos familia, la pasamos genial y priorizamos a los chicos<\/strong>\u201d, dijo en di\u00e1logo con&nbsp;<em>Intrusos<\/em>.<\/p>\n\n\n\n<figure class=\"wp-block-image\"><img decoding=\"async\" src=\"https:\/\/tn.com.ar\/resizer\/v2\/foto-movilpress-3WE4AFX6YVAT7JZTMQGCEFT7IY.jpg?auth=5cda66a27a833898fa841a38353de8babe72b83dd20d75227d0b99d3a8d9032c&amp;width=767\" alt=\"(Foto: Movilpress)\"\/><\/figure>\n\n\n\n<p>La modelo lleg\u00f3 acompa\u00f1ada por\u00a0<strong>Mart\u00edn Pepa<\/strong>, mientras que el actor chileno por\u00a0<strong>Anita Espasandin<\/strong>\u00a0y\u00a0<strong>Roberto Garc\u00eda Morit\u00e1n<\/strong>\u00a0por\u00a0<strong>Priscila Crivocapich<\/strong>. \u201cEstuvimos todos juntos. Para m\u00ed es lo m\u00e1s natural del mundo.<strong>\u00a0Me parece espectacular que los chicos vean que todos vivimos en armon\u00eda, en paz\u201d,\u00a0<\/strong>sostuvo.<\/p>\n\n\n\n<p>A modo de cierre, se mostr\u00f3 contenta con su presente y la relaci\u00f3n amorosa con el polista. \u201cCumplimos un a\u00f1o la semana que viene, as\u00ed que pas\u00f3 muy r\u00e1pido. Los dos pusimos buena voluntad para que esto saliera adelante y ac\u00e1 estamos\u201d, cerr\u00f3.<\/p>\n\n\n\n<p><\/p>\n","protected":false},"excerpt":{"rendered":"<p>La modelo se mostr\u00f3 sorprendida por la actitud de la actriz. Todos los detalles. Pampita habl\u00f3 despu\u00e9s de que la\u00a0China Su\u00e1rez dejara de seguirla en redes sociales. En di\u00e1logo con\u00a0Intrusos\u00a0(Am\u00e9rica),\u00a0se&hellip; <\/p>\n","protected":false},"author":8,"featured_media":231228,"comment_status":"closed","ping_status":"open","sticky":false,"template":"","format":"standard","meta":{"footnotes":""},"categories":[19],"tags":[],"class_list":["post-231227","post","type-post","status-publish","format-standard","has-post-thumbnail","hentry","category-espectaculos"],"_links":{"self":[{"href":"https:\/\/corrientesdetarde.com\/index.php\/wp-json\/wp\/v2\/posts\/231227","targetHints":{"allow":["GET"]}}],"collection":[{"href":"https:\/\/corrientesdetarde.com\/index.php\/wp-json\/wp\/v2\/posts"}],"about":[{"href":"https:\/\/corrientesdetarde.com\/index.php\/wp-json\/wp\/v2\/types\/post"}],"author":[{"embeddable":true,"href":"https:\/\/corrientesdetarde.com\/index.php\/wp-json\/wp\/v2\/users\/8"}],"replies":[{"embeddable":true,"href":"https:\/\/corrientesdetarde.com\/index.php\/wp-json\/wp\/v2\/comments?post=231227"}],"version-history":[{"count":1,"href":"https:\/\/corrientesdetarde.com\/index.php\/wp-json\/wp\/v2\/posts\/231227\/revisions"}],"predecessor-version":[{"id":231229,"href":"https:\/\/corrientesdetarde.com\/index.php\/wp-json\/wp\/v2\/posts\/231227\/revisions\/231229"}],"wp:featuredmedia":[{"embeddable":true,"href":"https:\/\/corrientesdetarde.com\/index.php\/wp-json\/wp\/v2\/media\/231228"}],"wp:attachment":[{"href":"https:\/\/corrientesdetarde.com\/index.php\/wp-json\/wp\/v2\/media?parent=231227"}],"wp:term":[{"taxonomy":"category","embeddable":true,"href":"https:\/\/corrientesdetarde.com\/index.php\/wp-json\/wp\/v2\/categories?post=231227"},{"taxonomy":"post_tag","embeddable":true,"href":"https:\/\/corrientesdetarde.com\/index.php\/wp-json\/wp\/v2\/tags?post=231227"}],"curies":[{"name":"wp","href":"https:\/\/api.w.org\/{rel}","templated":true}]}}