{"id":231230,"date":"2025-10-13T16:14:50","date_gmt":"2025-10-13T19:14:50","guid":{"rendered":"https:\/\/corrientesdetarde.com\/?p=231230"},"modified":"2025-10-13T16:14:54","modified_gmt":"2025-10-13T19:14:54","slug":"con-este-cambio-instagram-reconoce-que-los-reels-y-los-dms-son-sus-estrellas","status":"publish","type":"post","link":"https:\/\/corrientesdetarde.com\/index.php\/tecnologia\/con-este-cambio-instagram-reconoce-que-los-reels-y-los-dms-son-sus-estrellas\/","title":{"rendered":"Con este cambio, Instagram reconoce que los Reels y los DMs son sus estrellas"},"content":{"rendered":"\n<p>La red social de Meta prueba un nuevo men\u00fa, con una disposici\u00f3n diferente de las pesta\u00f1as y movimientos de las pesta\u00f1as.<\/p>\n\n\n\n<p><strong>Instagram<\/strong> puso en marcha una prueba que confirma cu\u00e1les son sus secciones m\u00e1s relevantes. Adam Mosseri, director ejecutivo de la red social, anunci\u00f3 que en este momento testean entre un grupo reducido de usuarios un\u00a0<strong>nuevo men\u00fa en el que se destacan los Reels y los DMs<\/strong>. Recientemente, el CEO hab\u00eda dicho que esas secciones y contenidos son las principales estrellas de la plataforma.<\/p>\n\n\n\n<h2 class=\"wp-block-heading\">Instagram prueba un nuevo men\u00fa, con los Reels y los mensajes directos como protagonistas<\/h2>\n\n\n\n<p>La&nbsp;<strong>novedad en Instagram&nbsp;<\/strong>es una barra de men\u00fa en la&nbsp;<em>app&nbsp;<\/em>que tiene una disposici\u00f3n diferente de las pesta\u00f1as. Tal como vemos en la imagen que comparti\u00f3 Meta, la compa\u00f1\u00eda que gestiona a esta red social, aparecen&nbsp;<strong>accesos dedicados para los Reels (los videos breves de Instagram) y para los DMs<\/strong>.<\/p>\n\n\n\n<figure class=\"wp-block-image\"><img decoding=\"async\" src=\"https:\/\/tn.com.ar\/resizer\/v2\/foto-meta-OM5FVFHEJNE6FEMAQAKEFFFCYM.png?auth=d42b304c457a99e52e827ded642cc52509da877e0ab4fd3c098858f5283d0838&amp;width=767\" alt=\"(Foto: Meta)\"\/><\/figure>\n\n\n\n<p>\u00bfQu\u00e9 cambia? Los usuarios que son parte de este ensayo ver\u00e1n las pesta\u00f1as actuales de Instagram para el&nbsp;<em>feed<\/em>, b\u00fasqueda, crear nuevas publicaciones, Reels y el perfil, ahora reemplazadas por un dise\u00f1o que&nbsp;<strong>intercambia la b\u00fasqueda con Reels, y cambia el \u00edtem dedicado a crear posteos por uno los mensajes directos<\/strong>.<\/p>\n\n\n\n<p>El propio Mosseri reconoci\u00f3 que estos cambios pueden \u201cllevar tiempo para acostumbrarse\u201d, y remarc\u00f3 que&nbsp;<strong>el nuevo dise\u00f1o del men\u00fa es opcional<\/strong>.<\/p>\n\n\n\n<h2 class=\"wp-block-heading\">Instagram destac\u00f3 a los Reels y los DMs cuando lleg\u00f3 a los 3.000 millones<\/h2>\n\n\n\n<p>A fines de septiembre, Mark Zuckerberg, CEO de Meta, celebr\u00f3 que\u00a0<strong>Instagram super\u00f3 los 3.000 millones de usuarios activos al mes<\/strong>. Con esto, la red social se uni\u00f3 al club selecto en el que tambi\u00e9n est\u00e1n otras plataformas de la misma compa\u00f1\u00eda, Facebook y WhatsApp, que tambi\u00e9n rebasaron esa barrera este a\u00f1o.<\/p>\n\n\n\n<p>Al celebrar la marca, Mosseri mencion\u00f3 que&nbsp;<strong>los principales impulsores fueron la mensajer\u00eda privada y las funciones de videos breves<\/strong>. Es decir, propuestas que se apartan del foco original de una plataforma que naci\u00f3 centrada en el contenido fotogr\u00e1fico. \u201cSeguiremos centr\u00e1ndonos en estos productos y&nbsp;<strong>reorientaremos la aplicaci\u00f3n hacia los mensajes directos, los Reels<\/strong>&nbsp;y las recomendaciones durante los pr\u00f3ximos meses\u201d, dijo en la ocasi\u00f3n.<\/p>\n\n\n\n<figure class=\"wp-block-image\"><img decoding=\"async\" src=\"https:\/\/tn.com.ar\/resizer\/v2\/los-reels-y-los-dms-en-el-epicentro-de-instagram-foto-reutersdado-ruvic-RKPBXAZOGGER3T65CI4LPIFCCE.jpg?auth=919ef3a6ef9c9fe05cdb3048be1f1775404dee9135073a24e0785e23fd00c613&amp;width=767\" alt=\"Los Reels y los DMs, en el epicentro de Instagram. (Foto: Reuters\/Dado Ruvic)\"\/><\/figure>\n\n\n\n<p>Lanzados en el a\u00f1o 2020, los&nbsp;<strong>Reels de Instagram<\/strong>&nbsp;copiaron la propuesta de TikTok, que por entonces consolidaba su popularidad en el mundo&nbsp;<em>online<\/em>&nbsp;con los clips cortos. En ese sentido, podemos decir que la imitaci\u00f3n de su rival ayud\u00f3 a la red social de Meta a llegar a esta cifra, que ahora ostenta.<\/p>\n\n\n\n<p><strong>Muchos de los cambios recientes en Instagram apuntaron a los Reels<\/strong>, entre ellos la posibilidad de incluir doblaje y la opci\u00f3n de publicar clips cortos encadenados, cuando tienen varias partes.<\/p>\n","protected":false},"excerpt":{"rendered":"<p>La red social de Meta prueba un nuevo men\u00fa, con una disposici\u00f3n diferente de las pesta\u00f1as y movimientos de las pesta\u00f1as. Instagram puso en marcha una prueba que confirma cu\u00e1les&hellip; <\/p>\n","protected":false},"author":8,"featured_media":231231,"comment_status":"closed","ping_status":"open","sticky":false,"template":"","format":"standard","meta":{"footnotes":""},"categories":[24],"tags":[],"class_list":["post-231230","post","type-post","status-publish","format-standard","has-post-thumbnail","hentry","category-tecnologia"],"_links":{"self":[{"href":"https:\/\/corrientesdetarde.com\/index.php\/wp-json\/wp\/v2\/posts\/231230","targetHints":{"allow":["GET"]}}],"collection":[{"href":"https:\/\/corrientesdetarde.com\/index.php\/wp-json\/wp\/v2\/posts"}],"about":[{"href":"https:\/\/corrientesdetarde.com\/index.php\/wp-json\/wp\/v2\/types\/post"}],"author":[{"embeddable":true,"href":"https:\/\/corrientesdetarde.com\/index.php\/wp-json\/wp\/v2\/users\/8"}],"replies":[{"embeddable":true,"href":"https:\/\/corrientesdetarde.com\/index.php\/wp-json\/wp\/v2\/comments?post=231230"}],"version-history":[{"count":1,"href":"https:\/\/corrientesdetarde.com\/index.php\/wp-json\/wp\/v2\/posts\/231230\/revisions"}],"predecessor-version":[{"id":231232,"href":"https:\/\/corrientesdetarde.com\/index.php\/wp-json\/wp\/v2\/posts\/231230\/revisions\/231232"}],"wp:featuredmedia":[{"embeddable":true,"href":"https:\/\/corrientesdetarde.com\/index.php\/wp-json\/wp\/v2\/media\/231231"}],"wp:attachment":[{"href":"https:\/\/corrientesdetarde.com\/index.php\/wp-json\/wp\/v2\/media?parent=231230"}],"wp:term":[{"taxonomy":"category","embeddable":true,"href":"https:\/\/corrientesdetarde.com\/index.php\/wp-json\/wp\/v2\/categories?post=231230"},{"taxonomy":"post_tag","embeddable":true,"href":"https:\/\/corrientesdetarde.com\/index.php\/wp-json\/wp\/v2\/tags?post=231230"}],"curies":[{"name":"wp","href":"https:\/\/api.w.org\/{rel}","templated":true}]}}