{"id":231239,"date":"2025-10-13T20:46:24","date_gmt":"2025-10-13T23:46:24","guid":{"rendered":"https:\/\/corrientesdetarde.com\/?p=231239"},"modified":"2025-10-13T20:58:23","modified_gmt":"2025-10-13T23:58:23","slug":"mujeres-comprometidas-con-la-salud","status":"publish","type":"post","link":"https:\/\/corrientesdetarde.com\/index.php\/eventos\/mujeres-comprometidas-con-la-salud\/","title":{"rendered":"Mujeres comprometidas con la salud"},"content":{"rendered":"\n<p>En el marco del Mes de la Lucha contra el C\u00e1ncer de Mama, la Vicegobernaci\u00f3n de Corrientes invita a participar del encuentro \u201cMujeres comprometidas: visibilizando la prevenci\u00f3n del c\u00e1ncer\u201d, una jornada destinada a promover la concientizaci\u00f3n y el cuidado de la salud.<\/p>\n\n\n\n<p>\ud83d\udcc5 Martes 14 de octubre<\/p>\n\n\n\n<p>\ud83d\udd59 10:00 horas<\/p>\n\n\n\n<p>\ud83d\udccd Recinto de la Legislatura \u2013 Salta 545<\/p>\n\n\n\n<p>El c\u00e1ncer detectado a tiempo puede salvar vidas. Sumate a esta iniciativa de sensibilizaci\u00f3n y acompa\u00f1amiento impulsada por la Vicegobernaci\u00f3n, bajo la presidencia del Dr. Pedro Braillard Poccard.<\/p>\n","protected":false},"excerpt":{"rendered":"<p>En el marco del Mes de la Lucha contra el C\u00e1ncer de Mama, la Vicegobernaci\u00f3n de Corrientes invita a participar del encuentro \u201cMujeres comprometidas: visibilizando la prevenci\u00f3n del c\u00e1ncer\u201d, una&hellip; <\/p>\n","protected":false},"author":4,"featured_media":231248,"comment_status":"closed","ping_status":"open","sticky":false,"template":"","format":"standard","meta":{"footnotes":""},"categories":[22],"tags":[],"class_list":["post-231239","post","type-post","status-publish","format-standard","has-post-thumbnail","hentry","category-eventos"],"_links":{"self":[{"href":"https:\/\/corrientesdetarde.com\/index.php\/wp-json\/wp\/v2\/posts\/231239","targetHints":{"allow":["GET"]}}],"collection":[{"href":"https:\/\/corrientesdetarde.com\/index.php\/wp-json\/wp\/v2\/posts"}],"about":[{"href":"https:\/\/corrientesdetarde.com\/index.php\/wp-json\/wp\/v2\/types\/post"}],"author":[{"embeddable":true,"href":"https:\/\/corrientesdetarde.com\/index.php\/wp-json\/wp\/v2\/users\/4"}],"replies":[{"embeddable":true,"href":"https:\/\/corrientesdetarde.com\/index.php\/wp-json\/wp\/v2\/comments?post=231239"}],"version-history":[{"count":1,"href":"https:\/\/corrientesdetarde.com\/index.php\/wp-json\/wp\/v2\/posts\/231239\/revisions"}],"predecessor-version":[{"id":231246,"href":"https:\/\/corrientesdetarde.com\/index.php\/wp-json\/wp\/v2\/posts\/231239\/revisions\/231246"}],"wp:featuredmedia":[{"embeddable":true,"href":"https:\/\/corrientesdetarde.com\/index.php\/wp-json\/wp\/v2\/media\/231248"}],"wp:attachment":[{"href":"https:\/\/corrientesdetarde.com\/index.php\/wp-json\/wp\/v2\/media?parent=231239"}],"wp:term":[{"taxonomy":"category","embeddable":true,"href":"https:\/\/corrientesdetarde.com\/index.php\/wp-json\/wp\/v2\/categories?post=231239"},{"taxonomy":"post_tag","embeddable":true,"href":"https:\/\/corrientesdetarde.com\/index.php\/wp-json\/wp\/v2\/tags?post=231239"}],"curies":[{"name":"wp","href":"https:\/\/api.w.org\/{rel}","templated":true}]}}