{"id":231243,"date":"2025-10-13T21:29:20","date_gmt":"2025-10-14T00:29:20","guid":{"rendered":"https:\/\/corrientesdetarde.com\/?p=231243"},"modified":"2025-10-13T21:29:32","modified_gmt":"2025-10-14T00:29:32","slug":"salud-publica-firmara-un-acta-acuerdo-con-20-municipios-para-la-recertificacion-de-libre-de-transmision-vectorial-de-chagas","status":"publish","type":"post","link":"https:\/\/corrientesdetarde.com\/index.php\/actualidad\/salud-publica-firmara-un-acta-acuerdo-con-20-municipios-para-la-recertificacion-de-libre-de-transmision-vectorial-de-chagas\/","title":{"rendered":"Salud P\u00fablica firmar\u00e1 un acta acuerdo con 20 municipios para la Recertificaci\u00f3n de Libre de Transmisi\u00f3n Vectorial de Chagas"},"content":{"rendered":"\n<p><em>El acto, ser\u00e1 a las 10 en el sal\u00f3n Verde de Casa de Gobierno. El objetivo es continuar con las acciones que se llevan adelante en localidades end\u00e9micas.<\/em><\/p>\n\n\n\n<p>El Ministerio de Salud P\u00fablica a cargo de Ricardo Cardozo, a trav\u00e9s de la Direcci\u00f3n General de Epidemiolog\u00eda, realizar\u00e1 un acto de firma de un acta acuerdo con municipios para Recertificaci\u00f3n de Libre de Transmisi\u00f3n Vectorial de Chagas. El mismo, ser\u00e1 el martes 14 de octubre a las 10 en el sal\u00f3n Verde de Casa de Gobierno.<br>La Provincia es reconocida por haber eliminado la transmisi\u00f3n vectorial de Chagas, logrando la certificaci\u00f3n en 2018 gracias a un trabajo continuo de b\u00fasqueda y control.<br>Es por eso, y con el fin de continuar con las acciones que llevan adelante las localidades end\u00e9micas, que se proceder\u00e1 a la firma de un acta acuerdo con 20 municipios para la Recertificaci\u00f3n de Libre Transmisi\u00f3n Vectorial de Chagas.<\/p>\n\n\n\n<figure class=\"wp-block-image size-full\"><img loading=\"lazy\" decoding=\"async\" width=\"721\" height=\"864\" src=\"https:\/\/corrientesdetarde.com\/wp-content\/uploads\/2025\/10\/image-447.png\" alt=\"\" class=\"wp-image-231252\" srcset=\"https:\/\/corrientesdetarde.com\/wp-content\/uploads\/2025\/10\/image-447.png 721w, https:\/\/corrientesdetarde.com\/wp-content\/uploads\/2025\/10\/image-447-250x300.png 250w\" sizes=\"auto, (max-width: 721px) 100vw, 721px\" \/><\/figure>\n","protected":false},"excerpt":{"rendered":"<p>El acto, ser\u00e1 a las 10 en el sal\u00f3n Verde de Casa de Gobierno. El objetivo es continuar con las acciones que se llevan adelante en localidades end\u00e9micas. El Ministerio&hellip; <\/p>\n","protected":false},"author":4,"featured_media":231250,"comment_status":"closed","ping_status":"open","sticky":false,"template":"","format":"standard","meta":{"footnotes":""},"categories":[23],"tags":[],"class_list":["post-231243","post","type-post","status-publish","format-standard","has-post-thumbnail","hentry","category-actualidad"],"_links":{"self":[{"href":"https:\/\/corrientesdetarde.com\/index.php\/wp-json\/wp\/v2\/posts\/231243","targetHints":{"allow":["GET"]}}],"collection":[{"href":"https:\/\/corrientesdetarde.com\/index.php\/wp-json\/wp\/v2\/posts"}],"about":[{"href":"https:\/\/corrientesdetarde.com\/index.php\/wp-json\/wp\/v2\/types\/post"}],"author":[{"embeddable":true,"href":"https:\/\/corrientesdetarde.com\/index.php\/wp-json\/wp\/v2\/users\/4"}],"replies":[{"embeddable":true,"href":"https:\/\/corrientesdetarde.com\/index.php\/wp-json\/wp\/v2\/comments?post=231243"}],"version-history":[{"count":1,"href":"https:\/\/corrientesdetarde.com\/index.php\/wp-json\/wp\/v2\/posts\/231243\/revisions"}],"predecessor-version":[{"id":231253,"href":"https:\/\/corrientesdetarde.com\/index.php\/wp-json\/wp\/v2\/posts\/231243\/revisions\/231253"}],"wp:featuredmedia":[{"embeddable":true,"href":"https:\/\/corrientesdetarde.com\/index.php\/wp-json\/wp\/v2\/media\/231250"}],"wp:attachment":[{"href":"https:\/\/corrientesdetarde.com\/index.php\/wp-json\/wp\/v2\/media?parent=231243"}],"wp:term":[{"taxonomy":"category","embeddable":true,"href":"https:\/\/corrientesdetarde.com\/index.php\/wp-json\/wp\/v2\/categories?post=231243"},{"taxonomy":"post_tag","embeddable":true,"href":"https:\/\/corrientesdetarde.com\/index.php\/wp-json\/wp\/v2\/tags?post=231243"}],"curies":[{"name":"wp","href":"https:\/\/api.w.org\/{rel}","templated":true}]}}