{"id":231251,"date":"2025-10-13T21:54:47","date_gmt":"2025-10-14T00:54:47","guid":{"rendered":"https:\/\/corrientesdetarde.com\/?p=231251"},"modified":"2025-10-13T21:54:56","modified_gmt":"2025-10-14T00:54:56","slug":"el-gobernador-gustavo-valdes-encabezara-inauguraciones-en-capital-y-santa-ana","status":"publish","type":"post","link":"https:\/\/corrientesdetarde.com\/index.php\/actualidad\/el-gobernador-gustavo-valdes-encabezara-inauguraciones-en-capital-y-santa-ana\/","title":{"rendered":"El gobernador Gustavo Vald\u00e9s encabezar\u00e1 inauguraciones en Capital y Santa Ana"},"content":{"rendered":"\n<p>El gobernador Gustavo Vald\u00e9s este martes 14 en la ciudad de Corrientes Capital y en la localidad de Santa Ana, encabezar\u00e1 diversas inauguraciones de obras de infraestructura urbana y espacios p\u00fablicos.<\/p>\n\n\n\n<p>A las 10, el Mandatario presidir\u00e1 la inauguraci\u00f3n de la puesta en valor de la Plaza \u201cMercosur\u201d, ubicada en el barrio 17 de Agosto, frente a la Rotonda de la Virgen de Itat\u00ed, en la Capital.<\/p>\n\n\n\n<p>Posteriormente, se trasladar\u00e1 a Santa Ana, donde a las 11:30 dejar\u00e1 formalmente habilitadas 19 cuadras de asfalto en la intersecci\u00f3n de 12 de Octubre y General Paz.<\/p>\n\n\n\n<p>Finalmente, a las 12:30, Vald\u00e9s encabezar\u00e1 la inauguraci\u00f3n del Polideportivo Municipal, situado en el barrio Santa Luc\u00eda, 30 Viviendas, una obra que busca fortalecer la infraestructura deportiva y recreativa de la comunidad.<\/p>\n","protected":false},"excerpt":{"rendered":"<p>El gobernador Gustavo Vald\u00e9s este martes 14 en la ciudad de Corrientes Capital y en la localidad de Santa Ana, encabezar\u00e1 diversas inauguraciones de obras de infraestructura urbana y espacios&hellip; <\/p>\n","protected":false},"author":4,"featured_media":221694,"comment_status":"closed","ping_status":"open","sticky":false,"template":"","format":"standard","meta":{"footnotes":""},"categories":[23],"tags":[],"class_list":["post-231251","post","type-post","status-publish","format-standard","has-post-thumbnail","hentry","category-actualidad"],"_links":{"self":[{"href":"https:\/\/corrientesdetarde.com\/index.php\/wp-json\/wp\/v2\/posts\/231251","targetHints":{"allow":["GET"]}}],"collection":[{"href":"https:\/\/corrientesdetarde.com\/index.php\/wp-json\/wp\/v2\/posts"}],"about":[{"href":"https:\/\/corrientesdetarde.com\/index.php\/wp-json\/wp\/v2\/types\/post"}],"author":[{"embeddable":true,"href":"https:\/\/corrientesdetarde.com\/index.php\/wp-json\/wp\/v2\/users\/4"}],"replies":[{"embeddable":true,"href":"https:\/\/corrientesdetarde.com\/index.php\/wp-json\/wp\/v2\/comments?post=231251"}],"version-history":[{"count":1,"href":"https:\/\/corrientesdetarde.com\/index.php\/wp-json\/wp\/v2\/posts\/231251\/revisions"}],"predecessor-version":[{"id":231254,"href":"https:\/\/corrientesdetarde.com\/index.php\/wp-json\/wp\/v2\/posts\/231251\/revisions\/231254"}],"wp:featuredmedia":[{"embeddable":true,"href":"https:\/\/corrientesdetarde.com\/index.php\/wp-json\/wp\/v2\/media\/221694"}],"wp:attachment":[{"href":"https:\/\/corrientesdetarde.com\/index.php\/wp-json\/wp\/v2\/media?parent=231251"}],"wp:term":[{"taxonomy":"category","embeddable":true,"href":"https:\/\/corrientesdetarde.com\/index.php\/wp-json\/wp\/v2\/categories?post=231251"},{"taxonomy":"post_tag","embeddable":true,"href":"https:\/\/corrientesdetarde.com\/index.php\/wp-json\/wp\/v2\/tags?post=231251"}],"curies":[{"name":"wp","href":"https:\/\/api.w.org\/{rel}","templated":true}]}}