{"id":231255,"date":"2025-10-13T22:01:14","date_gmt":"2025-10-14T01:01:14","guid":{"rendered":"https:\/\/corrientesdetarde.com\/?p=231255"},"modified":"2025-10-13T22:01:21","modified_gmt":"2025-10-14T01:01:21","slug":"la-emocion-de-la-mama-de-dos-rehenes-argentinos-que-regresan-a-israel","status":"publish","type":"post","link":"https:\/\/corrientesdetarde.com\/index.php\/internacionales\/la-emocion-de-la-mama-de-dos-rehenes-argentinos-que-regresan-a-israel\/","title":{"rendered":"La emoci\u00f3n de la mam\u00e1 de dos rehenes argentinos que regresan a Israel"},"content":{"rendered":"\n<h2 class=\"wp-block-heading\">Silvia Cunio es la madre de Ariel y David: se mostr\u00f3 reconfortada por la liberaci\u00f3n de sus hijos, a quienes considera muy fuertes.<\/h2>\n\n\n\n<p><strong>Silvia Cunio, mam\u00e1 de Ariel y David,<\/strong>&nbsp;argentinos rehenes de Ham\u00e1s que regresaban a Israel, se mostr\u00f3 este lunes reconfortada e, incluso, sorprendida por la liberaci\u00f3n de ambos.<\/p>\n\n\n\n<p><em><strong>\u201cFue algo sorprendente, no me lo esperaba, una emoci\u00f3n muy grande\u201d,&nbsp;<\/strong><\/em>coment\u00f3 la mujer, entrevistada a primera hora de hoy por Antonio Fern\u00e1ndez Llorente para su programa \u201cSin Corbata\u201d, que se emite por la Splendid AM 990 y a\u00f1adi\u00f3:&nbsp;<em>\u201cNos dijeron que estaban bien, los escuch\u00e9 bien\u201d.<\/em><\/p>\n\n\n\n<p>Luego reflexion\u00f3 acerca de que siempre mantuvo las&nbsp;<em><strong>\u201cesperanzas\u201d<\/strong><\/em>&nbsp;de volver a verlos, a pesar de que hab\u00edan ca\u00eddo bajo la organizaci\u00f3n armada Ham\u00e1s el 7 de octubre de 2023, tras la violenta incursi\u00f3n que desat\u00f3 una guerra.<\/p>\n\n\n\n<p><em><strong>\u201cLo \u00fanico que escuch\u00e9 fue: no sab\u00e9s lo que pasamos ac\u00e1. Mis hijos son fuertes y siempre tuvieron esperanzas\u201d,<\/strong><\/em>&nbsp;insisti\u00f3 la mujer.<\/p>\n\n\n\n<p>Otro testigo -de origen argentino- de la jornada hist\u00f3rica que se viv\u00eda este lunes por la ma\u00f1ana en Israel por la vuelta de los rehenes y la visita del presidente de los Estados Unidos, Donald Trump, expres\u00f3:<em><strong>&nbsp;\u201cNo hay que perder de vista que estamos liberando 2.000 terroristas palestinos\u201d.<\/strong><\/em><\/p>\n","protected":false},"excerpt":{"rendered":"<p>Silvia Cunio es la madre de Ariel y David: se mostr\u00f3 reconfortada por la liberaci\u00f3n de sus hijos, a quienes considera muy fuertes. Silvia Cunio, mam\u00e1 de Ariel y David,&nbsp;argentinos&hellip; <\/p>\n","protected":false},"author":4,"featured_media":231256,"comment_status":"closed","ping_status":"open","sticky":false,"template":"","format":"standard","meta":{"footnotes":""},"categories":[11],"tags":[],"class_list":["post-231255","post","type-post","status-publish","format-standard","has-post-thumbnail","hentry","category-internacionales"],"_links":{"self":[{"href":"https:\/\/corrientesdetarde.com\/index.php\/wp-json\/wp\/v2\/posts\/231255","targetHints":{"allow":["GET"]}}],"collection":[{"href":"https:\/\/corrientesdetarde.com\/index.php\/wp-json\/wp\/v2\/posts"}],"about":[{"href":"https:\/\/corrientesdetarde.com\/index.php\/wp-json\/wp\/v2\/types\/post"}],"author":[{"embeddable":true,"href":"https:\/\/corrientesdetarde.com\/index.php\/wp-json\/wp\/v2\/users\/4"}],"replies":[{"embeddable":true,"href":"https:\/\/corrientesdetarde.com\/index.php\/wp-json\/wp\/v2\/comments?post=231255"}],"version-history":[{"count":1,"href":"https:\/\/corrientesdetarde.com\/index.php\/wp-json\/wp\/v2\/posts\/231255\/revisions"}],"predecessor-version":[{"id":231257,"href":"https:\/\/corrientesdetarde.com\/index.php\/wp-json\/wp\/v2\/posts\/231255\/revisions\/231257"}],"wp:featuredmedia":[{"embeddable":true,"href":"https:\/\/corrientesdetarde.com\/index.php\/wp-json\/wp\/v2\/media\/231256"}],"wp:attachment":[{"href":"https:\/\/corrientesdetarde.com\/index.php\/wp-json\/wp\/v2\/media?parent=231255"}],"wp:term":[{"taxonomy":"category","embeddable":true,"href":"https:\/\/corrientesdetarde.com\/index.php\/wp-json\/wp\/v2\/categories?post=231255"},{"taxonomy":"post_tag","embeddable":true,"href":"https:\/\/corrientesdetarde.com\/index.php\/wp-json\/wp\/v2\/tags?post=231255"}],"curies":[{"name":"wp","href":"https:\/\/api.w.org\/{rel}","templated":true}]}}