{"id":231258,"date":"2025-10-13T22:39:20","date_gmt":"2025-10-14T01:39:20","guid":{"rendered":"https:\/\/corrientesdetarde.com\/?p=231258"},"modified":"2025-10-13T22:39:25","modified_gmt":"2025-10-14T01:39:25","slug":"lecornu-arranco-otra-semana-como-primer-ministro-de-francia-con-nuevo-gabinete","status":"publish","type":"post","link":"https:\/\/corrientesdetarde.com\/index.php\/internacionales\/lecornu-arranco-otra-semana-como-primer-ministro-de-francia-con-nuevo-gabinete\/","title":{"rendered":"Lecornu arranc\u00f3 otra semana como primer ministro de Francia, con nuevo gabinete"},"content":{"rendered":"\n<h2 class=\"wp-block-heading\">Hab\u00eda renunciado el lunes pasado, Emmanuel Macron lo acept\u00f3 pero el viernes lo volvi\u00f3 a nombrar.<\/h2>\n\n\n\n<p>El primer ministro de\u00a0Francia,\u00a0<strong>Sebastien Lecornu<\/strong>, comenz\u00f3 la semana otra vez en funciones, al frente de de su nuevo Gobierno, cuyos 34 ministros se dieron a conocer en las \u00faltimas horas, seg\u00fan indic\u00f3 la Presidencia.<\/p>\n\n\n\n<p><strong>Los nombramientos clave incluyen a Laurent N\u00fa\u00f1ez como ministro del Interior, Jean-Pierre Farandou como ministro de Trabajo, Monique Barbut como ministra de Transici\u00f3n Ecol\u00f3gica, Edouard Geffray como ministro de Educaci\u00f3n Nacional y Catherine Vautrin como ministra de Defensa.<\/strong><\/p>\n\n\n\n<p><strong>Roland Lescure volvi\u00f3 a ser nombrado ministro de Finanzas; Jean-Noel Barrot mantuvo el cargo de ministro de Relaciones Exteriores, mientras que Gerald Darmanin conserv\u00f3 su puesto en el Ministerio de Justicia.<\/strong><\/p>\n\n\n\n<p><strong>Lecornu<\/strong>&nbsp;se reuni\u00f3 con anterioridad con el presidente Emmanuel Macron en el El\u00edseo, seg\u00fan informes de medios locales.<\/p>\n\n\n\n<p>El primer ministro propuso&nbsp;<em><strong>\u201cuna mezcla de personajes de la sociedad civil con experiencia y j\u00f3venes parlamentarios\u201d&nbsp;<\/strong><\/em>para la segunda edici\u00f3n de su Gobierno.<\/p>\n\n\n\n<p><strong>Lecornu<\/strong>\u00a0hab\u00eda dimitido el lunes, menos de un mes despu\u00e9s de su nombramiento inicial y apenas un d\u00eda despu\u00e9s de anunciar parte de su primer gabinete, pero el viernes fue\u00a0nombrado\u00a0nuevamente como primer ministro en medio de las tensiones pol\u00edticas actuales, subraya un informe de la agencia de noticias Xinhua.<\/p>\n","protected":false},"excerpt":{"rendered":"<p>Hab\u00eda renunciado el lunes pasado, Emmanuel Macron lo acept\u00f3 pero el viernes lo volvi\u00f3 a nombrar. El primer ministro de\u00a0Francia,\u00a0Sebastien Lecornu, comenz\u00f3 la semana otra vez en funciones, al frente&hellip; <\/p>\n","protected":false},"author":4,"featured_media":231260,"comment_status":"closed","ping_status":"open","sticky":false,"template":"","format":"standard","meta":{"footnotes":""},"categories":[11],"tags":[],"class_list":["post-231258","post","type-post","status-publish","format-standard","has-post-thumbnail","hentry","category-internacionales"],"_links":{"self":[{"href":"https:\/\/corrientesdetarde.com\/index.php\/wp-json\/wp\/v2\/posts\/231258","targetHints":{"allow":["GET"]}}],"collection":[{"href":"https:\/\/corrientesdetarde.com\/index.php\/wp-json\/wp\/v2\/posts"}],"about":[{"href":"https:\/\/corrientesdetarde.com\/index.php\/wp-json\/wp\/v2\/types\/post"}],"author":[{"embeddable":true,"href":"https:\/\/corrientesdetarde.com\/index.php\/wp-json\/wp\/v2\/users\/4"}],"replies":[{"embeddable":true,"href":"https:\/\/corrientesdetarde.com\/index.php\/wp-json\/wp\/v2\/comments?post=231258"}],"version-history":[{"count":1,"href":"https:\/\/corrientesdetarde.com\/index.php\/wp-json\/wp\/v2\/posts\/231258\/revisions"}],"predecessor-version":[{"id":231261,"href":"https:\/\/corrientesdetarde.com\/index.php\/wp-json\/wp\/v2\/posts\/231258\/revisions\/231261"}],"wp:featuredmedia":[{"embeddable":true,"href":"https:\/\/corrientesdetarde.com\/index.php\/wp-json\/wp\/v2\/media\/231260"}],"wp:attachment":[{"href":"https:\/\/corrientesdetarde.com\/index.php\/wp-json\/wp\/v2\/media?parent=231258"}],"wp:term":[{"taxonomy":"category","embeddable":true,"href":"https:\/\/corrientesdetarde.com\/index.php\/wp-json\/wp\/v2\/categories?post=231258"},{"taxonomy":"post_tag","embeddable":true,"href":"https:\/\/corrientesdetarde.com\/index.php\/wp-json\/wp\/v2\/tags?post=231258"}],"curies":[{"name":"wp","href":"https:\/\/api.w.org\/{rel}","templated":true}]}}