{"id":231262,"date":"2025-10-13T22:46:56","date_gmt":"2025-10-14T01:46:56","guid":{"rendered":"https:\/\/corrientesdetarde.com\/?p=231262"},"modified":"2025-10-13T22:47:11","modified_gmt":"2025-10-14T01:47:11","slug":"llegan-a-egipto-154-prisioneros-palestinos-liberados-por-israel-reportan-fuentes","status":"publish","type":"post","link":"https:\/\/corrientesdetarde.com\/index.php\/internacionales\/llegan-a-egipto-154-prisioneros-palestinos-liberados-por-israel-reportan-fuentes\/","title":{"rendered":"Llegan a Egipto 154 prisioneros palestinos liberados por Israel, reportan fuentes"},"content":{"rendered":"\n<h2 class=\"wp-block-heading\">Los deportados fueron trasladados al Hospital Nasser de El Cairo para la revisi\u00f3n correspondiente.<\/h2>\n\n\n\n<p><strong>Un grupo de 154 prisioneros palestinos que fueron liberados y deportados por las autoridades israel\u00edes este lunes lleg\u00f3 a Egipto<\/strong>, de acuerdo con fuentes egipcias.<\/p>\n\n\n\n<p>Las fuentes an\u00f3nimas confirmaron a la agencia de noticias Xinhua que los prisioneros, que<strong>&nbsp;fueron liberados como parte de un acuerdo de intercambio de prisioneros por rehenes, cruzaron a Egipto desde la Franja de Gaza a trav\u00e9s del paso fronterizo de Rafah.<\/strong><\/p>\n\n\n\n<p>Luego de su llegada,<strong>&nbsp;los deportados palestinos fueron trasladados al Hospital Nasser de El Cairo<\/strong>, se\u00f1alaron las fuentes, las cuales a\u00f1adieron que ya se est\u00e1n realizando los preparativos para facilitar su traslado y deportaci\u00f3n a varios destinos acordados, entre ellos,&nbsp;<strong>Emiratos \u00c1rabes Unidos, Malasia, Qatar, T\u00fanez y Turqu\u00eda<\/strong>.<\/p>\n\n\n\n<p>El acuerdo de alto el fuego alcanzado recientemente entre&nbsp;<strong>Israel y Ham\u00e1s<\/strong>&nbsp;estipula el regreso de los \u00faltimos 20 rehenes supervivientes de Gaza a Israel y la liberaci\u00f3n de unos 2.000 prisioneros palestinos de las c\u00e1rceles israel\u00edes.<\/p>\n\n\n\n<p><strong>Ham\u00e1s<\/strong>&nbsp;anunci\u00f3 este lunes por la ma\u00f1ana que entreg\u00f3 a los 20 rehenes vivos restantes, que hab\u00edan sido capturados durante el ataque al sur de Israel el 7 de octubre de 2023.<\/p>\n\n\n\n<p><strong>Israel<\/strong>&nbsp;condiciona la deportaci\u00f3n de lo que califica como prisioneros de alto perfil a terceros pa\u00edses, citando preocupaciones sobre futuras amenazas a la seguridad.<\/p>\n","protected":false},"excerpt":{"rendered":"<p>Los deportados fueron trasladados al Hospital Nasser de El Cairo para la revisi\u00f3n correspondiente. Un grupo de 154 prisioneros palestinos que fueron liberados y deportados por las autoridades israel\u00edes este&hellip; <\/p>\n","protected":false},"author":4,"featured_media":231263,"comment_status":"closed","ping_status":"open","sticky":false,"template":"","format":"standard","meta":{"footnotes":""},"categories":[11],"tags":[],"class_list":["post-231262","post","type-post","status-publish","format-standard","has-post-thumbnail","hentry","category-internacionales"],"_links":{"self":[{"href":"https:\/\/corrientesdetarde.com\/index.php\/wp-json\/wp\/v2\/posts\/231262","targetHints":{"allow":["GET"]}}],"collection":[{"href":"https:\/\/corrientesdetarde.com\/index.php\/wp-json\/wp\/v2\/posts"}],"about":[{"href":"https:\/\/corrientesdetarde.com\/index.php\/wp-json\/wp\/v2\/types\/post"}],"author":[{"embeddable":true,"href":"https:\/\/corrientesdetarde.com\/index.php\/wp-json\/wp\/v2\/users\/4"}],"replies":[{"embeddable":true,"href":"https:\/\/corrientesdetarde.com\/index.php\/wp-json\/wp\/v2\/comments?post=231262"}],"version-history":[{"count":1,"href":"https:\/\/corrientesdetarde.com\/index.php\/wp-json\/wp\/v2\/posts\/231262\/revisions"}],"predecessor-version":[{"id":231264,"href":"https:\/\/corrientesdetarde.com\/index.php\/wp-json\/wp\/v2\/posts\/231262\/revisions\/231264"}],"wp:featuredmedia":[{"embeddable":true,"href":"https:\/\/corrientesdetarde.com\/index.php\/wp-json\/wp\/v2\/media\/231263"}],"wp:attachment":[{"href":"https:\/\/corrientesdetarde.com\/index.php\/wp-json\/wp\/v2\/media?parent=231262"}],"wp:term":[{"taxonomy":"category","embeddable":true,"href":"https:\/\/corrientesdetarde.com\/index.php\/wp-json\/wp\/v2\/categories?post=231262"},{"taxonomy":"post_tag","embeddable":true,"href":"https:\/\/corrientesdetarde.com\/index.php\/wp-json\/wp\/v2\/tags?post=231262"}],"curies":[{"name":"wp","href":"https:\/\/api.w.org\/{rel}","templated":true}]}}