{"id":231265,"date":"2025-10-13T23:09:26","date_gmt":"2025-10-14T02:09:26","guid":{"rendered":"https:\/\/corrientesdetarde.com\/?p=231265"},"modified":"2025-10-13T23:09:32","modified_gmt":"2025-10-14T02:09:32","slug":"firman-acuerdo-de-cese-al-fuego-para-gaza-en-sharm-el-sheikh","status":"publish","type":"post","link":"https:\/\/corrientesdetarde.com\/index.php\/internacionales\/firman-acuerdo-de-cese-al-fuego-para-gaza-en-sharm-el-sheikh\/","title":{"rendered":"Firman acuerdo de cese al fuego para Gaza en Sharm el-Sheikh"},"content":{"rendered":"\n<h2 class=\"wp-block-heading\">Los signatarios coincidieron en ese punto de Egipto.<\/h2>\n\n\n\n<p><strong>La ceremonia de firma del acuerdo de cese al fuego alcanzado recientemente entre Israel y Hamas se llev\u00f3 a cabo este lunes en Sharm el-Sheikh, Egipto en el marco de una cumbre&nbsp;<\/strong>copresidida por el presidente egipcio, Abdel Fattah al-Sisi, y su hom\u00f3logo estadounidense, Donald Trump, en la que participaron l\u00edderes de m\u00e1s de 20 pa\u00edses, as\u00ed como de organizaciones regionales e internacionales.<\/p>\n\n\n\n<p>La&nbsp;<strong>cumbre<\/strong>&nbsp;discutir\u00e1 el fin de la guerra en la Franja de Gaza, la intensificaci\u00f3n de los esfuerzos para lograr la paz y la estabilidad en Oriente Medio y el inicio de una nueva fase de seguridad y estabilidad regional, seg\u00fan la presidencia egipcia.<\/p>\n\n\n\n<p>El&nbsp;<strong>acuerdo de alto el fuego entre Israel y Ham\u00e1s<\/strong>&nbsp;entr\u00f3 en vigor el viernes, luego de tres d\u00edas de intensas negociaciones en Sharm el-Sheij entre ambas partes, con la mediaci\u00f3n de Egipto, Qatar, Turqu\u00eda y Estados Unidos.<\/p>\n\n\n\n<p>La&nbsp;<strong>primera fase<\/strong>&nbsp;del plan incluye la retirada de las tropas israel\u00edes de la ciudad de Gaza, Rafah, Khan Younis y el norte, la apertura de cinco cruces para la ayuda humanitaria y el intercambio de rehenes y prisioneros.<\/p>\n\n\n\n<p><strong>Ham\u00e1s<\/strong>&nbsp;anunci\u00f3 ese mismo d\u00eda la entrega de los 20 rehenes vivos restantes, capturados durante el ataque al sur de Israel el 7 de octubre de 2023.<\/p>\n\n\n\n<p>Mientras tanto, las autoridades israel\u00edes comenzaron a liberar a casi 2.000 prisioneros palestinos como parte del&nbsp;<strong>acuerdo de intercambio.<\/strong><\/p>\n","protected":false},"excerpt":{"rendered":"<p>Los signatarios coincidieron en ese punto de Egipto. La ceremonia de firma del acuerdo de cese al fuego alcanzado recientemente entre Israel y Hamas se llev\u00f3 a cabo este lunes&hellip; <\/p>\n","protected":false},"author":4,"featured_media":231266,"comment_status":"closed","ping_status":"open","sticky":false,"template":"","format":"standard","meta":{"footnotes":""},"categories":[11],"tags":[],"class_list":["post-231265","post","type-post","status-publish","format-standard","has-post-thumbnail","hentry","category-internacionales"],"_links":{"self":[{"href":"https:\/\/corrientesdetarde.com\/index.php\/wp-json\/wp\/v2\/posts\/231265","targetHints":{"allow":["GET"]}}],"collection":[{"href":"https:\/\/corrientesdetarde.com\/index.php\/wp-json\/wp\/v2\/posts"}],"about":[{"href":"https:\/\/corrientesdetarde.com\/index.php\/wp-json\/wp\/v2\/types\/post"}],"author":[{"embeddable":true,"href":"https:\/\/corrientesdetarde.com\/index.php\/wp-json\/wp\/v2\/users\/4"}],"replies":[{"embeddable":true,"href":"https:\/\/corrientesdetarde.com\/index.php\/wp-json\/wp\/v2\/comments?post=231265"}],"version-history":[{"count":1,"href":"https:\/\/corrientesdetarde.com\/index.php\/wp-json\/wp\/v2\/posts\/231265\/revisions"}],"predecessor-version":[{"id":231267,"href":"https:\/\/corrientesdetarde.com\/index.php\/wp-json\/wp\/v2\/posts\/231265\/revisions\/231267"}],"wp:featuredmedia":[{"embeddable":true,"href":"https:\/\/corrientesdetarde.com\/index.php\/wp-json\/wp\/v2\/media\/231266"}],"wp:attachment":[{"href":"https:\/\/corrientesdetarde.com\/index.php\/wp-json\/wp\/v2\/media?parent=231265"}],"wp:term":[{"taxonomy":"category","embeddable":true,"href":"https:\/\/corrientesdetarde.com\/index.php\/wp-json\/wp\/v2\/categories?post=231265"},{"taxonomy":"post_tag","embeddable":true,"href":"https:\/\/corrientesdetarde.com\/index.php\/wp-json\/wp\/v2\/tags?post=231265"}],"curies":[{"name":"wp","href":"https:\/\/api.w.org\/{rel}","templated":true}]}}