{"id":23128,"date":"2022-11-27T08:32:29","date_gmt":"2022-11-27T11:32:29","guid":{"rendered":"https:\/\/corrientesdetarde.com\/?p=23128"},"modified":"2022-11-27T08:32:58","modified_gmt":"2022-11-27T11:32:58","slug":"anuncian-jornadas-de-mucho-calor-para-corrientes","status":"publish","type":"post","link":"https:\/\/corrientesdetarde.com\/index.php\/clima\/anuncian-jornadas-de-mucho-calor-para-corrientes\/","title":{"rendered":"jornadas de mucho calor para Corrientes"},"content":{"rendered":"\n<p>El Servicio Meteorol\u00f3gico Nacional anticipa m\u00e1ximas de hasta 37 grados para la capital provincial. Esta tendencia se mantendr\u00eda, por lo menos, hasta el pr\u00f3ximo martes 29.<\/p>\n\n\n\n<p>El servicio oficial de meteorolog\u00eda indica que este \u00faltimo fin de semana de noviembre tendr\u00e1 caracter\u00edsticas netas de verano, con cielo despejado, y altas temperaturas.<\/p>\n\n\n\n<p>Las condiciones ser\u00e1n similares durante s\u00e1bado, domingo, lunes, y martes, con sol a pleno, probabilidades casi nulas de nubosidad y sin precipitaciones a la vista.<\/p>\n\n\n\n<p>Las temperaturas se ubicar\u00e1n entre los 21 y 22 grados de m\u00ednima en todo el territorio provincial, mientras que las m\u00e1ximas podr\u00edan escalar hasta los 36 a 37.<\/p>\n\n\n\n<p>En el caso del interior, no se descarta que esas m\u00e1ximas puedan superar los valores recientemente expresados y llegar hasta los 38 en localidades del sur, teniendo en cuenta que esa zona del pa\u00eds atraviesa por una ola de calor intensa.<\/p>\n","protected":false},"excerpt":{"rendered":"<p>El Servicio Meteorol\u00f3gico Nacional anticipa m\u00e1ximas de hasta 37 grados para la capital provincial. Esta tendencia se mantendr\u00eda, por lo menos, hasta el pr\u00f3ximo martes 29. El servicio oficial de&hellip; <\/p>\n","protected":false},"author":4,"featured_media":23136,"comment_status":"closed","ping_status":"open","sticky":false,"template":"","format":"standard","meta":{"footnotes":""},"categories":[29],"tags":[],"class_list":["post-23128","post","type-post","status-publish","format-standard","has-post-thumbnail","hentry","category-clima"],"_links":{"self":[{"href":"https:\/\/corrientesdetarde.com\/index.php\/wp-json\/wp\/v2\/posts\/23128","targetHints":{"allow":["GET"]}}],"collection":[{"href":"https:\/\/corrientesdetarde.com\/index.php\/wp-json\/wp\/v2\/posts"}],"about":[{"href":"https:\/\/corrientesdetarde.com\/index.php\/wp-json\/wp\/v2\/types\/post"}],"author":[{"embeddable":true,"href":"https:\/\/corrientesdetarde.com\/index.php\/wp-json\/wp\/v2\/users\/4"}],"replies":[{"embeddable":true,"href":"https:\/\/corrientesdetarde.com\/index.php\/wp-json\/wp\/v2\/comments?post=23128"}],"version-history":[{"count":2,"href":"https:\/\/corrientesdetarde.com\/index.php\/wp-json\/wp\/v2\/posts\/23128\/revisions"}],"predecessor-version":[{"id":23139,"href":"https:\/\/corrientesdetarde.com\/index.php\/wp-json\/wp\/v2\/posts\/23128\/revisions\/23139"}],"wp:featuredmedia":[{"embeddable":true,"href":"https:\/\/corrientesdetarde.com\/index.php\/wp-json\/wp\/v2\/media\/23136"}],"wp:attachment":[{"href":"https:\/\/corrientesdetarde.com\/index.php\/wp-json\/wp\/v2\/media?parent=23128"}],"wp:term":[{"taxonomy":"category","embeddable":true,"href":"https:\/\/corrientesdetarde.com\/index.php\/wp-json\/wp\/v2\/categories?post=23128"},{"taxonomy":"post_tag","embeddable":true,"href":"https:\/\/corrientesdetarde.com\/index.php\/wp-json\/wp\/v2\/tags?post=23128"}],"curies":[{"name":"wp","href":"https:\/\/api.w.org\/{rel}","templated":true}]}}