{"id":23132,"date":"2022-11-27T08:26:44","date_gmt":"2022-11-27T11:26:44","guid":{"rendered":"https:\/\/corrientesdetarde.com\/?p=23132"},"modified":"2022-11-27T08:26:47","modified_gmt":"2022-11-27T11:26:47","slug":"proyectan-documental-sobre-literatura-negra","status":"publish","type":"post","link":"https:\/\/corrientesdetarde.com\/index.php\/cultura\/proyectan-documental-sobre-literatura-negra\/","title":{"rendered":"Proyectan documental sobre literatura negrA"},"content":{"rendered":"\n<p>\u00bfQu\u00e9 naturaleza tiene la literatura negra en Am\u00e9rica Latina? A partir de esa pregunta, el documentalista griego Andreas Apostolidis entrevist\u00f3 a escritores y escritoras de cinco pa\u00edses de la regi\u00f3n y dio vida al documental Latin noir, que se proyectar\u00e1 el pr\u00f3ximo lunes en la Biblioteca Nacional, tras una presentaci\u00f3n en la que participar\u00e1n su realizador, el ministro de Cultura, Trist\u00e1n Bauer; el director de la instituci\u00f3n,Juan Sasturain; la embajadora de Grecia en Argentina, y los autores Claudia Pi\u00f1eiro y Santiago Roncagliolo.<\/p>\n\n\n\n<p>El documental Latin noir &nbsp;presenta entrevistas a los escritores Claudia Pi\u00f1eiro (Argentina), Paco Ignacio Taibo II (M\u00e9xico), Leonardo Padura (Cuba), Santiago Roncagliolo (Per\u00fa) y el escritor fallecido hace dos a\u00f1os, Luis Sep\u00falveda (Chile). Detr\u00e1s de esas reflexiones y experiencias, el filme indaga en las particularidades de la literatura negra en Am\u00e9rica Latina desde la perspectiva de un director griego, que se pregunt\u00f3 por las particularidades del g\u00e9nero en esta regi\u00f3n, en apariencia tan distinta a las de origen n\u00f3rdico.<\/p>\n\n\n\n<p>La proyecci\u00f3n, prevista para las 18.30 del lunes 28 de noviembre, tendr\u00e1 una antesala. A las 18 de ese mismo lunes habr\u00e1 una presentaci\u00f3n con la participaci\u00f3n de Trist\u00e1n Bauer; Elisabeth Fotiadou, embajadora de Grecia en la Argentina; Juan Sasturain, director de la Biblioteca Nacional; y Claudia Pi\u00f1eiro, una de las escritoras entrevistadas en el documental. De manera virtual tambi\u00e9n acompa\u00f1ar\u00e1n la actividad el escritor peruano Santiago Roncagliolo y el director de Latin noir, Andreas Apostolidis. Con entrada libre y gratuita, la actividad de presentaci\u00f3n y proyecci\u00f3n se desarrollar\u00e1n en el auditorio Jorge Luis Borges de la Biblioteca Nacional, Ag\u00fcero 2502, Caba.<\/p>\n","protected":false},"excerpt":{"rendered":"<p>\u00bfQu\u00e9 naturaleza tiene la literatura negra en Am\u00e9rica Latina? A partir de esa pregunta, el documentalista griego Andreas Apostolidis entrevist\u00f3 a escritores y escritoras de cinco pa\u00edses de la regi\u00f3n&hellip; <\/p>\n","protected":false},"author":4,"featured_media":23133,"comment_status":"closed","ping_status":"open","sticky":false,"template":"","format":"standard","meta":{"footnotes":""},"categories":[15],"tags":[],"class_list":["post-23132","post","type-post","status-publish","format-standard","has-post-thumbnail","hentry","category-cultura"],"_links":{"self":[{"href":"https:\/\/corrientesdetarde.com\/index.php\/wp-json\/wp\/v2\/posts\/23132","targetHints":{"allow":["GET"]}}],"collection":[{"href":"https:\/\/corrientesdetarde.com\/index.php\/wp-json\/wp\/v2\/posts"}],"about":[{"href":"https:\/\/corrientesdetarde.com\/index.php\/wp-json\/wp\/v2\/types\/post"}],"author":[{"embeddable":true,"href":"https:\/\/corrientesdetarde.com\/index.php\/wp-json\/wp\/v2\/users\/4"}],"replies":[{"embeddable":true,"href":"https:\/\/corrientesdetarde.com\/index.php\/wp-json\/wp\/v2\/comments?post=23132"}],"version-history":[{"count":1,"href":"https:\/\/corrientesdetarde.com\/index.php\/wp-json\/wp\/v2\/posts\/23132\/revisions"}],"predecessor-version":[{"id":23134,"href":"https:\/\/corrientesdetarde.com\/index.php\/wp-json\/wp\/v2\/posts\/23132\/revisions\/23134"}],"wp:featuredmedia":[{"embeddable":true,"href":"https:\/\/corrientesdetarde.com\/index.php\/wp-json\/wp\/v2\/media\/23133"}],"wp:attachment":[{"href":"https:\/\/corrientesdetarde.com\/index.php\/wp-json\/wp\/v2\/media?parent=23132"}],"wp:term":[{"taxonomy":"category","embeddable":true,"href":"https:\/\/corrientesdetarde.com\/index.php\/wp-json\/wp\/v2\/categories?post=23132"},{"taxonomy":"post_tag","embeddable":true,"href":"https:\/\/corrientesdetarde.com\/index.php\/wp-json\/wp\/v2\/tags?post=23132"}],"curies":[{"name":"wp","href":"https:\/\/api.w.org\/{rel}","templated":true}]}}