{"id":231326,"date":"2025-10-14T12:43:41","date_gmt":"2025-10-14T15:43:41","guid":{"rendered":"https:\/\/corrientesdetarde.com\/?p=231326"},"modified":"2025-10-14T12:43:54","modified_gmt":"2025-10-14T15:43:54","slug":"puesta-en-valor-valdes-encabezo-inauguracion-en-la-plaza-mercosur","status":"publish","type":"post","link":"https:\/\/corrientesdetarde.com\/index.php\/locales\/puesta-en-valor-valdes-encabezo-inauguracion-en-la-plaza-mercosur\/","title":{"rendered":"Puesta en valor: Vald\u00e9s encabez\u00f3 inauguraci\u00f3n en la Plaza Mercosur"},"content":{"rendered":"\n<p><strong><em>Este martes, el gobernador Gustavo Vald\u00e9s acompa\u00f1\u00f3 al Municipio de Corrientes en la apertura de la puesta en valor de la Plaza Mercosur de Capital. Se trata de otra obra m\u00e1s de urbanizaci\u00f3n para seguir avanzando en la reparaci\u00f3n hist\u00f3rica de la ciudad.<\/em><\/strong><\/p>\n\n\n\n<p>En una fuerte apuesta a la transformaci\u00f3n y urbanizaci\u00f3n de la ciudad Capital, el gobernador Gustavo Vald\u00e9s, junto al intendente Eduardo Tassano, inaugur\u00f3 las obras de remodelaci\u00f3n y puesta en valor de la Plaza Mercosur del barrio 17 de Agosto, ubicada en la Rotonda de la Virgen de Itat\u00ed, en las inmediaciones de las calles Mil\u00e1n y Lavalle.<\/p>\n\n\n\n<p>En dicho espacio p\u00fablico se incorpor\u00f3 un sector gastron\u00f3mico pr\u00f3ximo a funcionar, se instal\u00f3 una plaza blanda con juegos para los m\u00e1s chicos, kits biosaludables y nuevos senderos.<\/p>\n\n\n\n<p>El proyecto contempl\u00f3 una intervenci\u00f3n integral que combina reordenamiento comercial, nuevas \u00e1reas recreativas, espacios deportivos y mejoras sustanciales en infraestructura. Se trata de una obra estrat\u00e9gica, ya que el lugar funciona como una de las puertas de entrada a la capital correntina.<\/p>\n\n\n\n<p>Uno de los cambios m\u00e1s visibles es la incorporaci\u00f3n de 2.000 metros cuadrados de sectores de juegos infantiles para ni\u00f1as y ni\u00f1os, con suelo de goma que reducen el riesgo de golpes y estructuras dise\u00f1adas bajo normas IRAM, adem\u00e1s de m\u00f3dulos integradores para personas con movilidad reducida.<\/p>\n\n\n\n<p>A su vez, se realiz\u00f3 la renovaci\u00f3n completa del equipamiento deportivo con nuevos gimnasios urbanos, un m\u00f3dulo de calistenia y otro para entrenamiento funcional, con la premisa de promover h\u00e1bitos saludables y sumar alternativas para todas las edades.<\/p>\n\n\n\n<p>El plan tambi\u00e9n contempl\u00f3 la instalaci\u00f3n de nuevas luminarias LED, mobiliario urbano de hormig\u00f3n armado, cestos diferenciados y senderos peatonales renovados, lo que permitir\u00e1 mayor seguridad y confort para quienes circulen o elijan la plaza como lugar de encuentro.<\/p>\n\n\n\n<p>La obra incluy\u00f3 veredas con losetas podot\u00e1ctiles, rampas de accesibilidad, provisi\u00f3n de servicios b\u00e1sicos de energ\u00eda el\u00e9ctrica, red de agua potable, desag\u00fces cloacales y pluviales, sistema de recolecci\u00f3n de residuos, cestos de basuras diferenciados y renovaci\u00f3n de ba\u00f1os p\u00fablicos.<\/p>\n\n\n\n<p><strong>Gobernador Vald\u00e9s<\/strong><\/p>\n\n\n\n<p>En el comienzo de su discurso, el gobernador Gustavo Vald\u00e9s se\u00f1al\u00f3 la importancia del trabajo Provincia \u2013 Municipio para \u201crecuperar espacios p\u00fablicos\u201d y felicit\u00f3 a todo el equipo de obras p\u00fablicas de la gesti\u00f3n del intendente Eduardo Tassano, que apuntal\u00f3 las obras.<\/p>\n\n\n\n<p>Asimismo, valor\u00f3 las inversiones de la Provincia que permitieron intervenir en obras fundamentales como en la Costanera y en las plazas 25 de Mayo, Libertad y La Cruz, entre otras.<\/p>\n\n\n\n<p>\u201cHicimos mucho y sabemos que falta mucho m\u00e1s. Por eso vamos a seguir avanzando en obras centrales\u201d, enfatiz\u00f3 el mandatario, qui\u00e9n asegur\u00f3 que en la Terminal de Omnibus \u201chabr\u00e1 una importante intervenci\u00f3n ya que es un lugar neur\u00e1lgico para los capitalinos, como as\u00ed tambi\u00e9n en el Mercado Central\u201d.<\/p>\n\n\n\n<p>Tras resaltar que se concretaron en la Capital 2.600 cuadras de asfalto, Vald\u00e9s ratific\u00f3 que el compromiso de seguir haciendo \u201cobra p\u00fablica para mejorar la calidad de vida de los capitalinos\u201d.<\/p>\n\n\n\n<p>Asimismo, al hablarle a los vecinos, Vald\u00e9s asegur\u00f3 que junto a la Polic\u00eda de Corrientes se va a dotar a toda la zona de la Plaza Mercosur de un importante despliegue en materia de seguridad, para lo cual se van a colocar c\u00e1maras de vigilancia, a la vez que destac\u00f3 que la lucha contra el narcomenudeo que corroe a la sociedad seguir\u00e1 siendo implacable, m\u00e1xime ahora que se cuenta con el aval legislativo en ese sentido.<\/p>\n\n\n\n<p>Continuando, Vald\u00e9s felicit\u00f3 a los trabajadores que hicieron posible que la Plaza&nbsp;Mercosur luzca hoy impecable y pidi\u00f3 mantener el esfuerzo para seguir \u201cconstruyendo la provincia y la ciudad de Corrientes que tanto queremos\u201d.<\/p>\n\n\n\n<p><strong>Intendente Tassano<\/strong><\/p>\n\n\n\n<p>El intendente de Corrientes, Eduardo Tassano subray\u00f3 que la obra es la culminaci\u00f3n de un programa que incluy\u00f3 la mejora de 10 plazas importantes de la ciudad, como la Estado de Israel o la de los Constituyentes.<\/p>\n\n\n\n<p>Tassano se\u00f1al\u00f3 que esta obra se enmarca en la pol\u00edtica de espacios p\u00fablicos de su gesti\u00f3n, que lleva mejorados m\u00e1s de 250 espacios en la ciudad, siempre con coordinaci\u00f3n con el Gobierno provincial. El intendente resalt\u00f3 que, a pesar de los grandes proyectos tur\u00edsticos, el 80% de las obras se han realizado en los barrios.<\/p>\n\n\n\n<p>El intendente tambi\u00e9n mencion\u00f3 otras obras realizadas en colaboraci\u00f3n con la Provincia, destacando la pavimentaci\u00f3n de entre 1.500 y 2.000 cuadras, lo que redujo el porcentaje de calles de tierra del 60% al 10%. Adem\u00e1s, mencion\u00f3 la iluminaci\u00f3n LED, que alcanzar\u00e1 el 90% de la ciudad, y las mejoras en el plan h\u00eddrico.<\/p>\n\n\n\n<p>Para finalizar, Tassano afirm\u00f3 que la Plaza Mercosur se convertir\u00e1 en un punto de encuentro para los correntinos de la zona de los barrios.<\/p>\n\n\n\n<p><strong>Mat\u00edas Cabrera<\/strong><\/p>\n\n\n\n<p>Al dirigirse a los presentes, el Secretario de Infraestructura Municipal, Mat\u00edas Cabrera, dijo que para avanzar con la obra hubo que sortear dificultades, teniendo en cuenta que es una plaza que tiene m\u00e1s de 33 mil metros cuadrados, la que \u201choy est\u00e1 transformada y renovada, gracias a las visiones y pol\u00edticas de estado tanto del gobernador Vald\u00e9s como del intendente Tassano, a fin de &nbsp;fortalecer los espacios p\u00fablicos\u201d.<\/p>\n\n\n\n<p>\u201cAhora contamos con m\u00e1s de 3 mil metros cuadrados de \u00e1reas de esparcimiento seguros\u201d, precis\u00f3 el funcionario municipal que a la vez agradeci\u00f3 a todos los hicieron posible la concreci\u00f3n de este proyecto que hoy es una realidad.<\/p>\n\n\n\n<p>Culminado el acto, se procedi\u00f3 al corte de cintas y descubrimiento de placa recordatoria.<\/p>\n\n\n\n<p><strong>Presencias<\/strong><\/p>\n\n\n\n<p>Tambi\u00e9n participaron del acto, el ministro de Obras y Servicios P\u00fablicos, Claudio Polich, ministros, secretarios y subsecretarios del gabinete provincial, el vicepresidente primero del Senado, Henry Fick, legisladores provinciales, intendentes de localidades del interior, el presidente del Concejo Deliberante, Marcos Amarilla, concejales, autoridades municipales, entidades intermedias y vecinos.<\/p>\n\n\n\n<figure class=\"wp-block-image size-large\"><img loading=\"lazy\" decoding=\"async\" width=\"1024\" height=\"682\" src=\"https:\/\/corrientesdetarde.com\/wp-content\/uploads\/2025\/10\/image-458-1024x682.png\" alt=\"\" class=\"wp-image-231327\" srcset=\"https:\/\/corrientesdetarde.com\/wp-content\/uploads\/2025\/10\/image-458-1024x682.png 1024w, https:\/\/corrientesdetarde.com\/wp-content\/uploads\/2025\/10\/image-458-300x200.png 300w, https:\/\/corrientesdetarde.com\/wp-content\/uploads\/2025\/10\/image-458-768x512.png 768w, https:\/\/corrientesdetarde.com\/wp-content\/uploads\/2025\/10\/image-458.png 1280w\" sizes=\"auto, (max-width: 1024px) 100vw, 1024px\" \/><\/figure>\n\n\n\n<figure class=\"wp-block-image size-large\"><img loading=\"lazy\" decoding=\"async\" width=\"1024\" height=\"682\" src=\"https:\/\/corrientesdetarde.com\/wp-content\/uploads\/2025\/10\/image-460-1024x682.png\" alt=\"\" class=\"wp-image-231329\" srcset=\"https:\/\/corrientesdetarde.com\/wp-content\/uploads\/2025\/10\/image-460-1024x682.png 1024w, https:\/\/corrientesdetarde.com\/wp-content\/uploads\/2025\/10\/image-460-300x200.png 300w, https:\/\/corrientesdetarde.com\/wp-content\/uploads\/2025\/10\/image-460-768x512.png 768w, https:\/\/corrientesdetarde.com\/wp-content\/uploads\/2025\/10\/image-460.png 1280w\" sizes=\"auto, (max-width: 1024px) 100vw, 1024px\" \/><\/figure>\n\n\n\n<figure class=\"wp-block-image size-large\"><img loading=\"lazy\" decoding=\"async\" width=\"1024\" height=\"682\" src=\"https:\/\/corrientesdetarde.com\/wp-content\/uploads\/2025\/10\/image-461-1024x682.png\" alt=\"\" class=\"wp-image-231330\" srcset=\"https:\/\/corrientesdetarde.com\/wp-content\/uploads\/2025\/10\/image-461-1024x682.png 1024w, https:\/\/corrientesdetarde.com\/wp-content\/uploads\/2025\/10\/image-461-300x200.png 300w, https:\/\/corrientesdetarde.com\/wp-content\/uploads\/2025\/10\/image-461-768x512.png 768w, https:\/\/corrientesdetarde.com\/wp-content\/uploads\/2025\/10\/image-461.png 1280w\" sizes=\"auto, (max-width: 1024px) 100vw, 1024px\" \/><\/figure>\n\n\n\n<figure class=\"wp-block-image size-large\"><img loading=\"lazy\" decoding=\"async\" width=\"1024\" height=\"682\" src=\"https:\/\/corrientesdetarde.com\/wp-content\/uploads\/2025\/10\/image-462-1024x682.png\" alt=\"\" class=\"wp-image-231331\" srcset=\"https:\/\/corrientesdetarde.com\/wp-content\/uploads\/2025\/10\/image-462-1024x682.png 1024w, https:\/\/corrientesdetarde.com\/wp-content\/uploads\/2025\/10\/image-462-300x200.png 300w, https:\/\/corrientesdetarde.com\/wp-content\/uploads\/2025\/10\/image-462-768x512.png 768w, https:\/\/corrientesdetarde.com\/wp-content\/uploads\/2025\/10\/image-462.png 1280w\" sizes=\"auto, (max-width: 1024px) 100vw, 1024px\" \/><\/figure>\n\n\n\n<figure class=\"wp-block-image size-large\"><img loading=\"lazy\" decoding=\"async\" width=\"1024\" height=\"682\" src=\"https:\/\/corrientesdetarde.com\/wp-content\/uploads\/2025\/10\/image-463-1024x682.png\" alt=\"\" class=\"wp-image-231332\" srcset=\"https:\/\/corrientesdetarde.com\/wp-content\/uploads\/2025\/10\/image-463-1024x682.png 1024w, https:\/\/corrientesdetarde.com\/wp-content\/uploads\/2025\/10\/image-463-300x200.png 300w, https:\/\/corrientesdetarde.com\/wp-content\/uploads\/2025\/10\/image-463-768x512.png 768w, https:\/\/corrientesdetarde.com\/wp-content\/uploads\/2025\/10\/image-463.png 1280w\" sizes=\"auto, (max-width: 1024px) 100vw, 1024px\" \/><\/figure>\n\n\n\n<figure class=\"wp-block-image size-large\"><img loading=\"lazy\" decoding=\"async\" width=\"1024\" height=\"682\" src=\"https:\/\/corrientesdetarde.com\/wp-content\/uploads\/2025\/10\/image-464-1024x682.png\" alt=\"\" class=\"wp-image-231333\" srcset=\"https:\/\/corrientesdetarde.com\/wp-content\/uploads\/2025\/10\/image-464-1024x682.png 1024w, https:\/\/corrientesdetarde.com\/wp-content\/uploads\/2025\/10\/image-464-300x200.png 300w, https:\/\/corrientesdetarde.com\/wp-content\/uploads\/2025\/10\/image-464-768x512.png 768w, https:\/\/corrientesdetarde.com\/wp-content\/uploads\/2025\/10\/image-464.png 1280w\" sizes=\"auto, (max-width: 1024px) 100vw, 1024px\" \/><\/figure>\n\n\n\n<figure class=\"wp-block-image size-large\"><img loading=\"lazy\" decoding=\"async\" width=\"1024\" height=\"682\" src=\"https:\/\/corrientesdetarde.com\/wp-content\/uploads\/2025\/10\/image-465-1024x682.png\" alt=\"\" class=\"wp-image-231334\" srcset=\"https:\/\/corrientesdetarde.com\/wp-content\/uploads\/2025\/10\/image-465-1024x682.png 1024w, https:\/\/corrientesdetarde.com\/wp-content\/uploads\/2025\/10\/image-465-300x200.png 300w, https:\/\/corrientesdetarde.com\/wp-content\/uploads\/2025\/10\/image-465-768x512.png 768w, https:\/\/corrientesdetarde.com\/wp-content\/uploads\/2025\/10\/image-465.png 1280w\" sizes=\"auto, (max-width: 1024px) 100vw, 1024px\" \/><\/figure>\n\n\n\n<figure class=\"wp-block-image size-large\"><img loading=\"lazy\" decoding=\"async\" width=\"1024\" height=\"682\" src=\"https:\/\/corrientesdetarde.com\/wp-content\/uploads\/2025\/10\/image-466-1024x682.png\" alt=\"\" class=\"wp-image-231335\" srcset=\"https:\/\/corrientesdetarde.com\/wp-content\/uploads\/2025\/10\/image-466-1024x682.png 1024w, https:\/\/corrientesdetarde.com\/wp-content\/uploads\/2025\/10\/image-466-300x200.png 300w, https:\/\/corrientesdetarde.com\/wp-content\/uploads\/2025\/10\/image-466-768x512.png 768w, https:\/\/corrientesdetarde.com\/wp-content\/uploads\/2025\/10\/image-466.png 1280w\" sizes=\"auto, (max-width: 1024px) 100vw, 1024px\" \/><\/figure>\n\n\n\n<figure class=\"wp-block-image size-large\"><img loading=\"lazy\" decoding=\"async\" width=\"1024\" height=\"682\" src=\"https:\/\/corrientesdetarde.com\/wp-content\/uploads\/2025\/10\/image-467-1024x682.png\" alt=\"\" class=\"wp-image-231336\" srcset=\"https:\/\/corrientesdetarde.com\/wp-content\/uploads\/2025\/10\/image-467-1024x682.png 1024w, https:\/\/corrientesdetarde.com\/wp-content\/uploads\/2025\/10\/image-467-300x200.png 300w, https:\/\/corrientesdetarde.com\/wp-content\/uploads\/2025\/10\/image-467-768x512.png 768w, https:\/\/corrientesdetarde.com\/wp-content\/uploads\/2025\/10\/image-467.png 1280w\" sizes=\"auto, (max-width: 1024px) 100vw, 1024px\" \/><\/figure>\n","protected":false},"excerpt":{"rendered":"<p>Este martes, el gobernador Gustavo Vald\u00e9s acompa\u00f1\u00f3 al Municipio de Corrientes en la apertura de la puesta en valor de la Plaza Mercosur de Capital. Se trata de otra obra&hellip; <\/p>\n","protected":false},"author":8,"featured_media":231328,"comment_status":"closed","ping_status":"open","sticky":false,"template":"","format":"standard","meta":{"footnotes":""},"categories":[8],"tags":[],"class_list":["post-231326","post","type-post","status-publish","format-standard","has-post-thumbnail","hentry","category-locales"],"_links":{"self":[{"href":"https:\/\/corrientesdetarde.com\/index.php\/wp-json\/wp\/v2\/posts\/231326","targetHints":{"allow":["GET"]}}],"collection":[{"href":"https:\/\/corrientesdetarde.com\/index.php\/wp-json\/wp\/v2\/posts"}],"about":[{"href":"https:\/\/corrientesdetarde.com\/index.php\/wp-json\/wp\/v2\/types\/post"}],"author":[{"embeddable":true,"href":"https:\/\/corrientesdetarde.com\/index.php\/wp-json\/wp\/v2\/users\/8"}],"replies":[{"embeddable":true,"href":"https:\/\/corrientesdetarde.com\/index.php\/wp-json\/wp\/v2\/comments?post=231326"}],"version-history":[{"count":1,"href":"https:\/\/corrientesdetarde.com\/index.php\/wp-json\/wp\/v2\/posts\/231326\/revisions"}],"predecessor-version":[{"id":231338,"href":"https:\/\/corrientesdetarde.com\/index.php\/wp-json\/wp\/v2\/posts\/231326\/revisions\/231338"}],"wp:featuredmedia":[{"embeddable":true,"href":"https:\/\/corrientesdetarde.com\/index.php\/wp-json\/wp\/v2\/media\/231328"}],"wp:attachment":[{"href":"https:\/\/corrientesdetarde.com\/index.php\/wp-json\/wp\/v2\/media?parent=231326"}],"wp:term":[{"taxonomy":"category","embeddable":true,"href":"https:\/\/corrientesdetarde.com\/index.php\/wp-json\/wp\/v2\/categories?post=231326"},{"taxonomy":"post_tag","embeddable":true,"href":"https:\/\/corrientesdetarde.com\/index.php\/wp-json\/wp\/v2\/tags?post=231326"}],"curies":[{"name":"wp","href":"https:\/\/api.w.org\/{rel}","templated":true}]}}