{"id":231344,"date":"2025-10-14T12:59:18","date_gmt":"2025-10-14T15:59:18","guid":{"rendered":"https:\/\/corrientesdetarde.com\/?p=231344"},"modified":"2025-10-14T12:59:27","modified_gmt":"2025-10-14T15:59:27","slug":"antes-de-la-cumbre-en-la-casa-blanca-sturzenegger-anticipo-que-trump-y-milei-firmaran-un-acuerdo-comercial-inedito","status":"publish","type":"post","link":"https:\/\/corrientesdetarde.com\/index.php\/politica\/antes-de-la-cumbre-en-la-casa-blanca-sturzenegger-anticipo-que-trump-y-milei-firmaran-un-acuerdo-comercial-inedito\/","title":{"rendered":"Antes de la cumbre en la Casa Blanca, Sturzenegger anticip\u00f3 que Trump y Milei firmar\u00e1n un &#8220;acuerdo comercial in\u00e9dito&#8221;"},"content":{"rendered":"\n<p>Antes de la cumbre en la Casa Blanca,&nbsp;<strong>Federico Sturzenegger<\/strong>&nbsp;anticip\u00f3 que<strong>&nbsp;Donald Trump y<\/strong>&nbsp;<strong>Javier Milei<\/strong>&nbsp;firmar\u00e1n un&nbsp;<strong>&#8220;acuerdo comercial in\u00e9dito&#8221;.<\/strong>&nbsp;El ministro de Desregulaci\u00f3n y Transformaci\u00f3n del Estado destac\u00f3: &#8220;Vamos a tener un acuerdo comercial bastante in\u00e9dito dentro de los Estados Unidos, que permitir\u00e1 a ciertos sectores de nuestra econom\u00eda tener&nbsp;<strong>un acceso privilegiado<\/strong>&nbsp;al mercado norteamericano&#8221;.&nbsp;<\/p>\n\n\n\n<p>Sturzenegger dijo en declaraciones al canal de streaming&nbsp;<em>La Casa:<\/em>&nbsp;&#8220;Es un camino de&nbsp;<strong>inicio de apertura comercial<\/strong>&nbsp;entre los dos pa\u00edses. Lo de Milei con Trump tiene dos dimensiones: la parte que m\u00e1s estuvo en los medios, la ayuda del Tesoro, el mercado cambiario,&nbsp;<strong>el swap,&nbsp;<\/strong>y otra parte en la que venimos trabajando desde hace much\u00edsimos meses:<strong>&nbsp;un acuerdo comercial&#8221;.<\/strong><\/p>\n","protected":false},"excerpt":{"rendered":"<p>Antes de la cumbre en la Casa Blanca,&nbsp;Federico Sturzenegger&nbsp;anticip\u00f3 que&nbsp;Donald Trump y&nbsp;Javier Milei&nbsp;firmar\u00e1n un&nbsp;&#8220;acuerdo comercial in\u00e9dito&#8221;.&nbsp;El ministro de Desregulaci\u00f3n y Transformaci\u00f3n del Estado destac\u00f3: &#8220;Vamos a tener un acuerdo comercial&hellip; <\/p>\n","protected":false},"author":8,"featured_media":231345,"comment_status":"closed","ping_status":"open","sticky":false,"template":"","format":"standard","meta":{"footnotes":""},"categories":[3],"tags":[],"class_list":["post-231344","post","type-post","status-publish","format-standard","has-post-thumbnail","hentry","category-politica"],"_links":{"self":[{"href":"https:\/\/corrientesdetarde.com\/index.php\/wp-json\/wp\/v2\/posts\/231344","targetHints":{"allow":["GET"]}}],"collection":[{"href":"https:\/\/corrientesdetarde.com\/index.php\/wp-json\/wp\/v2\/posts"}],"about":[{"href":"https:\/\/corrientesdetarde.com\/index.php\/wp-json\/wp\/v2\/types\/post"}],"author":[{"embeddable":true,"href":"https:\/\/corrientesdetarde.com\/index.php\/wp-json\/wp\/v2\/users\/8"}],"replies":[{"embeddable":true,"href":"https:\/\/corrientesdetarde.com\/index.php\/wp-json\/wp\/v2\/comments?post=231344"}],"version-history":[{"count":1,"href":"https:\/\/corrientesdetarde.com\/index.php\/wp-json\/wp\/v2\/posts\/231344\/revisions"}],"predecessor-version":[{"id":231346,"href":"https:\/\/corrientesdetarde.com\/index.php\/wp-json\/wp\/v2\/posts\/231344\/revisions\/231346"}],"wp:featuredmedia":[{"embeddable":true,"href":"https:\/\/corrientesdetarde.com\/index.php\/wp-json\/wp\/v2\/media\/231345"}],"wp:attachment":[{"href":"https:\/\/corrientesdetarde.com\/index.php\/wp-json\/wp\/v2\/media?parent=231344"}],"wp:term":[{"taxonomy":"category","embeddable":true,"href":"https:\/\/corrientesdetarde.com\/index.php\/wp-json\/wp\/v2\/categories?post=231344"},{"taxonomy":"post_tag","embeddable":true,"href":"https:\/\/corrientesdetarde.com\/index.php\/wp-json\/wp\/v2\/tags?post=231344"}],"curies":[{"name":"wp","href":"https:\/\/api.w.org\/{rel}","templated":true}]}}