{"id":23145,"date":"2022-11-27T09:16:30","date_gmt":"2022-11-27T12:16:30","guid":{"rendered":"https:\/\/corrientesdetarde.com\/?p=23145"},"modified":"2022-11-27T09:16:33","modified_gmt":"2022-11-27T12:16:33","slug":"massa-tiene-la-formacion-para-dar-el-salto-cualitativo-a-argentina","status":"publish","type":"post","link":"https:\/\/corrientesdetarde.com\/index.php\/politica\/massa-tiene-la-formacion-para-dar-el-salto-cualitativo-a-argentina\/","title":{"rendered":"&#8220;Massa tiene la formaci\u00f3n para dar el salto cualitativo a Argentina&#8221;"},"content":{"rendered":"\n<p>El diputado provincial, Germ\u00e1n Braillard Poccard, se mostr\u00f3 convencido de que el funcionario nacional que dirige la cartera econ\u00f3mica viene realizando un camino acertado en recomposici\u00f3n de la inflaci\u00f3n que sufre el pa\u00eds.<\/p>\n\n\n\n<p>Tras la presentaci\u00f3n de la Escuela de Gobierno llevada adelante por el Frente Renovador, el diputado provincial Germ\u00e1n Braillard Poccard di\u00e1logo con \u00e9poca sobre la figura del ministro de Econom\u00eda de la Naci\u00f3n, Sergio Massa.<\/p>\n\n\n\n<p>As\u00ed, el legislador provincial sostuvo que &#8220;Massa siempre hace \u00e9nfasis que para gobernar hay que estar listos, porque no se puede llegar de manera improvisada&#8221; y &#8220;eso buscamos replicar en el desempe\u00f1o de la Escuela de Gobierno, por ejemplo&#8221;, por eso &#8220;tenemos que ir trabajando en cada uno de los estamentos provinciales y municipales&#8221;.<\/p>\n\n\n\n<p>A su vez, Braillard dijo que &#8220;tenemos que entrar a la cancha y estar listos en cada uno de los desaf\u00edos que se nos presentan en el pa\u00eds&#8221;.<\/p>\n\n\n\n<figure class=\"wp-block-image\"><img decoding=\"async\" src=\"https:\/\/www.diarioepoca.com\/content\/bucket\/4\/1264394w762h273c.jpg.webp\" alt=\"\"\/><\/figure>\n\n\n\n<h2 class=\"wp-block-heading\">\u00bfQu\u00e9 significa para Corrientes esta Escuela?<\/h2>\n\n\n\n<p>Cerramos un curso que est\u00e1 relacionado con la innovaci\u00f3n pol\u00edtica en el que contamos con la participaci\u00f3n de casi 200 personas.<\/p>\n\n\n\n<p>Esto para la provincia es una forma de subir la vara y generar m\u00e1s y mejores oportunidades. Tambi\u00e9n en cierta forma significa tener un plan estrat\u00e9gico para que podamos contar con un valor agregado para la materia prima. Teni\u00e9ndolo como un punto de partida y no de llegada.<\/p>\n\n\n\n<p>Debemos saber que el Gobierno provincial se jacta de que seamos la primera provincia productiva en el arroz, la carne y la madera, pero lo cierto es que ac\u00e1 lo que se ve es que muchos correntinos se van de la provincia porque no tienen oportunidades.<\/p>\n\n\n\n<figure class=\"wp-block-image\"><img decoding=\"async\" src=\"https:\/\/www.diarioepoca.com\/content\/bucket\/5\/1264395w762h273c.jpg.webp\" alt=\"\"\/><\/figure>\n\n\n\n<h2 class=\"wp-block-heading\">\u00bfCoincide en el mensaje que hay cierta discriminaci\u00f3n en Corrientes?<\/h2>\n\n\n\n<p>Eso es una construcci\u00f3n del Gobierno provincial por su incapacidad para justificar su falta de pol\u00edticas para no generar trabajo en Corrientes.<\/p>\n\n\n\n<p>El mejor ejemplo que podemos ver es lo que hace el ministro de Econom\u00eda, Sergio Massa. Recordando que con el expresidente Mauricio Macri las econom\u00edas regionales -lana, yerba, carne- ten\u00edan retenciones y con nosotros no hay, porque la eliminamos.<\/p>\n\n\n\n<p>El problema de la agenda productiva es que los mismos productores terminan abrazando los eslogan de las bajas retenciones, pero lo que est\u00e1 faltando es una agenda correntina pensando en la producci\u00f3n.<\/p>\n\n\n\n<p>Entonces tenemos que sacarnos el chip de lo que se reproduce y debemos tener en claro el Norte.<\/p>\n\n\n\n<p>Por eso nosotros desde el Frente Renovador tenemos el Norte muy claro; primero porque tenemos que dejar de decir que somos generadores de materia prima como un punto de llegada y comenzar a ponernos en mente que debemos generar esto pero agreg\u00e1ndole valor.<\/p>\n\n\n\n<h2 class=\"wp-block-heading\">\u00bfCree que estos lineamientos que marca se pueden aplicar en la provincia?<\/h2>\n\n\n\n<p>Creo que s\u00ed. Si se pudo eliminar las retenciones y avanzar con la postergaci\u00f3n de la emergencia de la sequ\u00eda a modo de aporte, creo que se puede ir avanzando cada vez m\u00e1s.<\/p>\n\n\n\n<h2 class=\"wp-block-heading\">Visi\u00f3n sobre Sergio Massa<\/h2>\n\n\n\n<h2 class=\"wp-block-heading\">Destac\u00f3 la figura de Sergio Massa, \u00bflo ve c\u00f3mo candidato el a\u00f1o que viene?<\/h2>\n\n\n\n<p>La pol\u00edtica como la vida no atiende caprichos, o no deber\u00eda. Pero lo primero que se debe pensar es que tenemos que bajar la inflaci\u00f3n y cuando la gente vea quienes le dieron esta soluci\u00f3n, considero que se va a poner al hombre o la mujer que los represente mejor.<\/p>\n\n\n\n<p>En lo personal, hace un poco m\u00e1s de 12 a\u00f1os que sostengo que Massa es el hombre que tiene mayor dinamismo, capacidad de di\u00e1logo, y adem\u00e1s, la formaci\u00f3n adecuada para dar el salto cualitativo que la Argentina necesita.<\/p>\n\n\n\n<p>Pensando en el desarrollo productivo y tecnol\u00f3gico que nos hace falta alcanzar en el pa\u00eds.<\/p>\n\n\n\n<h2 class=\"wp-block-heading\">Mirada de la econom\u00eda<\/h2>\n\n\n\n<p>En contacto con este medio, el legislador provincial remarc\u00f3 que &#8220;la inflaci\u00f3n es un tema complejo&#8221; pero &#8220;creo que la gente nota que Sergio Massa est\u00e1 haciendo un esfuerzo por estabilizar la econom\u00eda&#8221;.<\/p>\n\n\n\n<p>Seguidamente, record\u00f3 que el expresidente &#8220;nos dej\u00f3 un 57% de inflaci\u00f3n y la pandemia en el mundo le dio un 15%, m\u00e1s lo que sucedi\u00f3 con la guerra, eso empuj\u00f3 todo&#8221;.<\/p>\n\n\n\n<p>&#8220;Si bien no nos estamos sacando la principal responsabilidad, pero tambi\u00e9n sabemos que cuando recorremos las calles comerciales de cada barrio, todos los locales cuentan con movimiento econ\u00f3mico&#8221;, destac\u00f3 Braillard.<\/p>\n\n\n\n<p>Finalmente, analiz\u00f3 que &#8220;los primeros meses del ministro fueron componi\u00e9ndose y esperemos que en los pr\u00f3ximos meses tengamos un porcentaje menor en la inflaci\u00f3n&#8221;.<\/p>\n","protected":false},"excerpt":{"rendered":"<p>El diputado provincial, Germ\u00e1n Braillard Poccard, se mostr\u00f3 convencido de que el funcionario nacional que dirige la cartera econ\u00f3mica viene realizando un camino acertado en recomposici\u00f3n de la inflaci\u00f3n que&hellip; <\/p>\n","protected":false},"author":4,"featured_media":23155,"comment_status":"closed","ping_status":"open","sticky":false,"template":"","format":"standard","meta":{"footnotes":""},"categories":[3],"tags":[],"class_list":["post-23145","post","type-post","status-publish","format-standard","has-post-thumbnail","hentry","category-politica"],"_links":{"self":[{"href":"https:\/\/corrientesdetarde.com\/index.php\/wp-json\/wp\/v2\/posts\/23145","targetHints":{"allow":["GET"]}}],"collection":[{"href":"https:\/\/corrientesdetarde.com\/index.php\/wp-json\/wp\/v2\/posts"}],"about":[{"href":"https:\/\/corrientesdetarde.com\/index.php\/wp-json\/wp\/v2\/types\/post"}],"author":[{"embeddable":true,"href":"https:\/\/corrientesdetarde.com\/index.php\/wp-json\/wp\/v2\/users\/4"}],"replies":[{"embeddable":true,"href":"https:\/\/corrientesdetarde.com\/index.php\/wp-json\/wp\/v2\/comments?post=23145"}],"version-history":[{"count":1,"href":"https:\/\/corrientesdetarde.com\/index.php\/wp-json\/wp\/v2\/posts\/23145\/revisions"}],"predecessor-version":[{"id":23156,"href":"https:\/\/corrientesdetarde.com\/index.php\/wp-json\/wp\/v2\/posts\/23145\/revisions\/23156"}],"wp:featuredmedia":[{"embeddable":true,"href":"https:\/\/corrientesdetarde.com\/index.php\/wp-json\/wp\/v2\/media\/23155"}],"wp:attachment":[{"href":"https:\/\/corrientesdetarde.com\/index.php\/wp-json\/wp\/v2\/media?parent=23145"}],"wp:term":[{"taxonomy":"category","embeddable":true,"href":"https:\/\/corrientesdetarde.com\/index.php\/wp-json\/wp\/v2\/categories?post=23145"},{"taxonomy":"post_tag","embeddable":true,"href":"https:\/\/corrientesdetarde.com\/index.php\/wp-json\/wp\/v2\/tags?post=23145"}],"curies":[{"name":"wp","href":"https:\/\/api.w.org\/{rel}","templated":true}]}}