{"id":23148,"date":"2022-11-27T08:54:07","date_gmt":"2022-11-27T11:54:07","guid":{"rendered":"https:\/\/corrientesdetarde.com\/?p=23148"},"modified":"2022-11-27T11:47:02","modified_gmt":"2022-11-27T14:47:02","slug":"ana-maria-pando-la-primera-mujer-intendente-sera-ciudadana-ilustre","status":"publish","type":"post","link":"https:\/\/corrientesdetarde.com\/index.php\/politica\/ana-maria-pando-la-primera-mujer-intendente-sera-ciudadana-ilustre\/","title":{"rendered":"Ana Mar\u00eda Pando, la primera mujer intendente ser\u00e1 ciudadana ilustre"},"content":{"rendered":"\n<p>En 1987 lleg\u00f3 a la Intendencia y fue la primera mujer en comandarla. &#8220;Me pidieron que preste el nombre porque era una candidatura para perder. Les dije que aceptaba, pero que iba a ganar las elecciones y as\u00ed fue. En la campa\u00f1a fuimos los primeros en ir casa por casa&#8221;, record\u00f3.<\/p>\n\n\n\n<p>Uno ingresa a la oficina que tiene en la zona del centro y est\u00e1 ante la abogada Ana Mar\u00eda Pando. Amablemente gu\u00eda hasta la planta alta donde se sumerge en su estudio jur\u00eddico que sin dudas es de los m\u00e1s cl\u00e1sicos: a la derecha se abre una enorme biblioteca de gruesos libros y con &#8220;La ley&#8221; como t\u00edtulo predominante en el lomo de cada tomo, tomo y tomo que en fila parecen no caber en la vista de los visitantes. En la parte de abajo del estante, pilas de expedientes prolijamente ordenados pese a las irregularidades de sus hojas que evidencian el ajetreo constante para atender las urgencias de las presentaciones.<\/p>\n\n\n\n<p>La doctora se sienta en una de los sillones del primer escritorio de recepci\u00f3n; detr\u00e1s est\u00e1 el de trabajo, con la computadora. Hasta ah\u00ed todo estandarizado, como en esas t\u00edpicas escenas de entrevistas con una especialista en el Derecho.<\/p>\n\n\n\n<p>Pero al girar la vista hacia la pared de la izquierda de inmediato uno se sumerge en otro mundo de la protagonista: seis grandes cuadros vidriados contienen fotograf\u00edas impresas de su trayectoria pol\u00edtica. As\u00ed, la abogada Ana Mar\u00eda Pando se convierte para el visitante en la primera mujer intendente que tuvo la ciudad de Corrientes a finales de la d\u00e9cada del 80, cuatro a\u00f1os despu\u00e9s de haberse recuperado la democracia en el pa\u00eds. Tambi\u00e9n hay fotos de su participaci\u00f3n en dos hist\u00f3ricas reformas constitucionales en el pa\u00eds y la provincia sobre el cambio de siglo: una antes de que expirara el 20 y otra al comenzar el 21.<\/p>\n\n\n\n<p>El logro municipal fue el disparador de esta entrevista con \u00e9poca para una historia \u00fanica signada por el car\u00e1cter pol\u00edtico de Pando -fuerte en convicciones y desaf\u00edos-, por su minuciosidad de abogada, por las dificultades que afront\u00f3 como mujer en su incursi\u00f3n por aguas de la pol\u00edtica partidaria con fuertes rasgos machistas. Tambi\u00e9n la charla estuvo marcada por su defensa inquebrantable a la Rep\u00fablica y, sobre todo, por eso que ella dice que le da la tranquilidad de haber hecho bien las cosas: caminar con libertad las calles de la ciudad que gobern\u00f3 y que nadie le reproche nada.<\/p>\n\n\n\n<p>Tal vez eso gravit\u00f3 para que el jueves pasado se aprobara en el Concejo Deliberante de Capital declararla Ciudadana Ilustre. En dos semanas se cumplir\u00e1 35 a\u00f1os de su asunci\u00f3n como intendente en una gesti\u00f3n que fue de 1987 a 1989 (antes se gobernaba el Municipio por dos a\u00f1os), aunque su mandato se acot\u00f3 a pr\u00e1cticamente un a\u00f1o y medio por las convulsiones sociales e institucionales derivadas de la hiperinflaci\u00f3n y la salida anticipada de Ra\u00fal Alfons\u00edn del Gobierno nacional.<\/p>\n\n\n\n<p>Esa distinci\u00f3n de la Municipalidad le llega en un momento muy especial y junto con su amplia trayectoria en la pol\u00edtica sustentaron una reflexiva entrevista de 50 minutos.<\/p>\n\n\n\n<h2 class=\"wp-block-heading\">\u00bfC\u00f3mo tom\u00f3 su declaraci\u00f3n de ciudadana ilustre?<\/h2>\n\n\n\n<p>Es de alt\u00edsima responsabilidad, porque significa que una fue considerada por la sociedad, pienso que por los valores. Porque la persona que me propuso, tiene muy arraigado justamente a los valores. El concejal Yamand\u00fa Barrios es hijo del doctor Humberto Barrios, quien fue conmigo un socio de lucha en los a\u00f1os 70, defiendo los intereses de los colegas que eran injustamente privados de su libertad.<\/p>\n\n\n\n<p>Nosotros est\u00e1bamos en el Colegio de Abogados, \u00e9l pertenec\u00eda a una minor\u00eda, a otra fracci\u00f3n. Pol\u00edticamente somos diametralmente opuestos en cuanto a filosof\u00eda, no en los valores: somos id\u00e9nticos.<\/p>\n\n\n\n<h2 class=\"wp-block-heading\">\u00bfEsos valores persisten hasta hoy en la sociedad en general, o ya en menor medida?<\/h2>\n\n\n\n<p>Creo que es una gran responsabilidad que tenemos todos los ciudadanos, pero m\u00e1s los pol\u00edticos, en que esos valores, que son ancestrales, debemos regarlos un poco m\u00e1s, a veces son escasos. Lo vemos en diferentes organizaciones que no responden al prop\u00f3sito y a la filosof\u00eda de las mismas.<\/p>\n\n\n\n<p>Hoy observamos algunas mezquindades o alguna actividad pol\u00edtica que tiene un arraigo m\u00e1s personal y no social. Y eso es lo que digo que debemos cultivar, con el ejemplo, con resaltar\u2026 hay much\u00edsima gente con grandes valores. Y eso es lo que debemos emular.<\/p>\n\n\n\n<p>Son valores que tenemos la mayor\u00eda de la sociedad, lo que pasa es que esa mayor\u00eda no participa, tiene un autoaislamiento.<\/p>\n\n\n\n<h2 class=\"wp-block-heading\">\u00bfPor qu\u00e9 cree que fue declarada ciudadana ilustre?<\/h2>\n\n\n\n<p>Bueno, eso habr\u00eda que preguntarle a Yamand\u00fa, quien fue el que lo propuso, y a los que votaron. Yo te hablo cu\u00e1l es el ABC para transitar todos los d\u00edas por las veredas de Corrientes sin tener un solo reclamo de nada.<\/p>\n\n\n\n<h2 class=\"wp-block-heading\">\u00bfPor qu\u00e9 estudi\u00f3 Derecho, ten\u00eda alguna inclinaci\u00f3n ya desde chica?<\/h2>\n\n\n\n<p>Lo hice porque creo en la defensa no solamente de los valores de la vida, sino en la defensa de restablecer las cuestiones que est\u00e1n en desequilibrio. Porque uno cuando concurre a un abogado es porque entiende que su derecho ha sido violentado o vulnerado. Y qu\u00e9 es lo que hace un abogado a trav\u00e9s de la Justicia: que esa situaci\u00f3n o ese disvalor vuelva a tener el justo t\u00e9rmino. Y entonces, \u00bfqu\u00e9 es el derecho? Es la persona que cuida o cura los intereses econ\u00f3micos de una sociedad, as\u00ed como el m\u00e9dico cuida los intereses del ser humano como persona, en su fisiolog\u00eda.<\/p>\n\n\n\n<h2 class=\"wp-block-heading\">\u00bfY c\u00f3mo influy\u00f3 los tiempos de la Universidad en su formaci\u00f3n pol\u00edtica?<\/h2>\n\n\n\n<p>Yo siempre estuve ligada al Partido Liberal, toda la vida, no solamente al Partido Liberal como nombre sino a la esencia liberal, como filosof\u00eda, siempre&#8230;<\/p>\n\n\n\n<h2 class=\"wp-block-heading\">Transcurren los 70, llegan los 80 y la vuelta de la democracia, \u00bfc\u00f3mo fue esa \u00e9poca?<\/h2>\n\n\n\n<p>En el retorno de la democracia en Corrientes ten\u00edamos al Pacto Autonomista-Liberal.<\/p>\n\n\n\n<h2 class=\"wp-block-heading\">\u00bfY usted ya era parte del partido y del Pacto, con cargo?<\/h2>\n\n\n\n<p>Yo estuve en el partido desde el a\u00f1o 1972. Y en 1983 fui, en principio, procuradora del Tesoro; despu\u00e9s fui fiscal de Estado. Posteriormente me desempe\u00f1\u00e9 como interventora del Club Hurac\u00e1n Corrientes y a su vez s\u00edndica del Banco de Corrientes. Eso fue hasta comienzos del 87 cuando en julio me eligen para ser candidata a intendente por el PL.<\/p>\n\n\n\n<h2 class=\"wp-block-heading\">\u00bfC\u00f3mo llega a esa candidatura?<\/h2>\n\n\n\n<p><br>La propuesta me llega a trav\u00e9s de mi propio partido y al parecer ning\u00fan hombre quer\u00eda ser, porque era una candidatura para perder&#8230;<\/p>\n\n\n\n<h2 class=\"wp-block-heading\">\u00bfPara perder?<\/h2>\n\n\n\n<p><br>S\u00ed, esa era la verdad, era una candidatura para perder, dijeron.<\/p>\n\n\n\n<h2 class=\"wp-block-heading\">\u00bfY c\u00f3mo es eso?<\/h2>\n\n\n\n<p><br>Antes el Partido Liberal y al Partido Autonomista ten\u00edan una sociedad de alternancia (en la Provincia), pero en la Municipalidad era intendente el que obten\u00eda m\u00e1s votos de los dos. Y eran tiempos de una elecci\u00f3n indirecta: los que eleg\u00edan intendente eran los concejales electos, que lo hac\u00edan en funci\u00f3n del que sac\u00f3 la mayor cantidad de votos. En las elecciones previas, en el 85, el Partido Liberal hab\u00eda sacado 10 mil votos y el Autonomista unos 40 mil. Hab\u00eda que sacar m\u00e1s de esa cifra para poder ganarle: era una enormidad, nadie cre\u00eda. Entonces, los cuatro o cinco hombres que pod\u00edan ser candidatos no quisieron.<\/p>\n\n\n\n<h2 class=\"wp-block-heading\">Y ah\u00ed reci\u00e9n le ofrecieron ser candidata a usted&#8230;<\/h2>\n\n\n\n<p><br>As\u00ed es. Me acuerdo que vine de trabajar en la Fiscal\u00eda, eran las tres de la tarde aproximadamente, y al llegar a casa encuentro un auto con cuatro personas esper\u00e1ndome en la puerta, gente conocida, del partido. Me saludaron y me dijeron que quer\u00edan hablar conmigo.&#8221;Venimos a pedirte a que prestes tu nombre para tal cosa&#8230;&#8221;, me dijeron. Habr\u00e9 pensado medio segundo y les dije: &#8220;No, no, yo voy a prestar mi nombre, pero le voy a dar la intendencia al Partido Liberal&#8221;. Y as\u00ed fue.<\/p>\n\n\n\n<h2 class=\"wp-block-heading\">\u00bfSe traz\u00f3 esa meta sin dudarlo?<\/h2>\n\n\n\n<p><br>Cuando me vinieron a proponer me dio algo como que &#8220;te venimos a ofrecer para que prestes el nombre&#8221;. Eso me doli\u00f3 mucho&#8230;<\/p>\n\n\n\n<h2 class=\"wp-block-heading\">\u00bfY es de reaccionar as\u00ed, de redoblar la apuesta?<\/h2>\n\n\n\n<p><br>Lo que pasa es que era demasiado importante. Era ser intendente de una ciudad que iba a cumplir 400 a\u00f1os&#8230; Adem\u00e1s, era un desaf\u00edo, un orgullo y una gran responsabilidad. Por supuesto que lograr la cantidad de votos que se obtuvo se dio porque much\u00edsima gente crey\u00f3 en esto. Y tambi\u00e9n con la nueva modalidad de hacer pol\u00edtica que implementamos, nueva para esos tiempos, que era ir y entrar casa por casa durante la campa\u00f1a.<\/p>\n\n\n\n<h2 class=\"wp-block-heading\">\u00bfEso lo propuso usted o le dijo el partido que se aplicara?<\/h2>\n\n\n\n<p><br>No. Yo dije &#8220;vamos a ganar entrando casa por casa&#8221;. Y la verdad que fueron tres meses de intensa campa\u00f1a.<\/p>\n\n\n\n<h2 class=\"wp-block-heading\">\u00bfY c\u00f3mo fue esa experiencia?<\/h2>\n\n\n\n<p><br>Entr\u00e1bamos a las casas, pero nunca era plantear a la gente qu\u00e9 necesitaba en lo personal, sino qu\u00e9 necesitaban en tu entorno. Por supuesto que eran demandas locales, no nacionales y me dec\u00edan que necesitaban para el barrio muchas cosas esenciales. Y cuando uno se sienta en sus casas la gente te pide cosas sensatas, antes. Ahora es tanta la necesidad individual que tambi\u00e9n hace pedidos personales e individuales.<\/p>\n\n\n\n<h2 class=\"wp-block-heading\">\u00bfY qu\u00e9 le ped\u00eda la gente en el 87?<\/h2>\n\n\n\n<p><br>El tema en ese momento era agua y cloaca. Tambi\u00e9n asfalto por supuesto. Y nosotros pudimos hacer esas tres cosas, pudimos hacer plazas, paseos y guarder\u00edas que era mi gran desaf\u00edo, porque una mujer no puede trabajar si no deja su hijo en un lugar tranquilo y fundamentalmente bien cuidado. Es lo que hicimos en ese a\u00f1o y medio pr\u00e1cticamente.<\/p>\n\n\n\n<figure class=\"wp-block-image\"><img decoding=\"async\" src=\"https:\/\/www.diarioepoca.com\/content\/bucket\/8\/1264398w635h800c.jpg.webp\" alt=\"\"\/><\/figure>\n\n\n\n<h2 class=\"wp-block-heading\">\u00bfC\u00f3mo lograron hacer las guarder\u00edas en ese poco tiempo?<\/h2>\n\n\n\n<p><br>Hicimos siete guarder\u00edas (la g\u00e9nesis de las Mita\u00ed Roga o las hoy CDI). Es algo maravilloso en la gente. Porque no instalamos las guarder\u00edas haciendo edificaciones desde cero, sino que donde hab\u00eda un mercadito municipal abandonado, ah\u00ed las hicimos. Pero en ninguno va a ver un cartel que diga &#8220;Gesti\u00f3n de Ana Mar\u00eda Pando&#8221;&#8230;<\/p>\n\n\n\n<h2 class=\"wp-block-heading\">\u00bfPor qu\u00e9?<\/h2>\n\n\n\n<p><br>Y no me nace eso. Me nace hacer, pero no aparecer&#8230;<\/p>\n\n\n\n<h2 class=\"wp-block-heading\">&nbsp;<\/h2>\n\n\n\n<h2 class=\"wp-block-heading\">Pero hasta ahora abundan carteles de ese tipo y no est\u00e1 el suyo&#8230;<\/h2>\n\n\n\n<p><br>Bueno, me nace hacer y no aparecer. No me siento muy c\u00f3moda cuando hay un aplaus\u00f3metro individual pero hay una enorme cantidad de gente que est\u00e1 detr\u00e1s y al lado de uno que es la que hace que las cosas lleguen. Entonces, c\u00f3mo va a aparecer una \u00bfy el resto qu\u00e9 pas\u00f3? Entonces, el anonimato del resto a mi me molestaba&#8230;<\/p>\n\n\n\n<figure class=\"wp-block-image\"><img decoding=\"async\" src=\"https:\/\/www.diarioepoca.com\/content\/bucket\/9\/1264399w635h800c.jpg.webp\" alt=\"\"\/><\/figure>\n\n\n\n<h2 class=\"wp-block-heading\">\u00bfC\u00f3mo fue llevar adelante una gesti\u00f3n municipal en medio de las crisis econ\u00f3micas de fines de los 80?<\/h2>\n\n\n\n<p><br>Nada, no hab\u00eda nada de recursos\u2026 nada&#8230; No es como la situaci\u00f3n actual de la sociedad Vald\u00e9s-Tassano; hoy el Municipio es Vald\u00e9s-Tassano, Tassano-Vald\u00e9s. Pero porque tienen una muy buena coparticipaci\u00f3n, hay mejores recursos y los afectan muy bien. Antes era la m\u00e1s grande de las miserias. Y tampoco hab\u00eda Ley de Coparticipaci\u00f3n. Era te doy, te mando, esper\u00e1. Era todo un sistema de ruego y pedig\u00fce\u00f1er\u00eda donde nada funcionaba autom\u00e1ticamente. Despu\u00e9s, con el tiempo, se fue organizando el Estado.<\/p>\n\n\n\n<h2 class=\"wp-block-heading\">\u00bfEn una escena imaginaria, qu\u00e9 le dir\u00eda la Ana Mar\u00eda de hoy a la Ana Mar\u00eda de la campa\u00f1a casa por casa del 87?<\/h2>\n\n\n\n<p><br>(Piensa unos diez segundos) Yo repetir\u00eda todo lo conductual&#8230; Y seguramente lo que me habr\u00eda faltado es tener m\u00e1s espartis pol\u00edticos. Pero pol\u00edtico numeral partidario&#8230; (hace silencio muy largo).<\/p>\n\n\n\n<figure class=\"wp-block-image\"><img decoding=\"async\" src=\"https:\/\/www.diarioepoca.com\/content\/bucket\/6\/1264556w756h354c.jpg.webp\" alt=\"\"\/><\/figure>\n\n\n\n<h2 class=\"wp-block-heading\">\u00bfAh\u00ed lo dejamos?<\/h2>\n\n\n\n<p><br>S\u00ed.<\/p>\n\n\n\n<h2 class=\"wp-block-heading\">\u00bfY qu\u00e9 otra recomendaci\u00f3n le har\u00eda a aquella Ana Mar\u00eda?<\/h2>\n\n\n\n<p><br>Le dir\u00eda repet\u00ed todo lo que hiciste y como fuiste. Lo que est\u00e1s planeando, dale para adelante. No me mover\u00eda en nada de lo que hice. No.<\/p>\n\n\n\n<figure class=\"wp-block-image\"><img decoding=\"async\" src=\"https:\/\/www.diarioepoca.com\/content\/bucket\/1\/1264561w762h404c.jpg.webp\" alt=\"\"\/><\/figure>\n\n\n\n<h2 class=\"wp-block-heading\">Familia<\/h2>\n\n\n\n<p>&#8220;Nac\u00ed en San Ger\u00f3nimo Norte, Santa Fe, porque mis padres eran empleados telef\u00f3nicos (la vieja ENTEL) cuando la empresa era estatal y cada dos o tres a\u00f1os ten\u00edan traslados. Y el \u00faltimo fue en la ciudad de Corrientes. Estudi\u00e9 en la escuela Misericordia y en la Normal me recib\u00ed. Luego ingres\u00e9 a Derecho de la UNNE&#8221;, coment\u00f3 Ana Mar\u00eda Pando.<\/p>\n\n\n\n<figure class=\"wp-block-image\"><img decoding=\"async\" src=\"https:\/\/www.diarioepoca.com\/content\/bucket\/1\/1264561w762h404c.jpg.webp\" alt=\"\"\/><\/figure>\n\n\n\n<p>En cuanto a su familia dijo que &#8220;la integrada por mi pap\u00e1, mi mam\u00e1, un hermano -tres a\u00f1os menor- y yo. Y ahora tengo dos hijos, una hija y un hijo: ella es abogada y desde hace 15 a\u00f1os es mi socia en el estudio; y el var\u00f3n se dedica al trabajo de obra p\u00fablica. Y mi marido que es licenciado en econom\u00eda. Adem\u00e1s, tengo cinco nietitos: cuatro de ellos mellizos&#8230;&#8221;.<\/p>\n\n\n\n<figure class=\"wp-block-image\"><img decoding=\"async\" src=\"https:\/\/www.diarioepoca.com\/content\/bucket\/7\/1264557w756h354c.jpg.webp\" alt=\"\"\/><\/figure>\n\n\n\n<h2 class=\"wp-block-heading\">Yamand\u00fa: &#8220;Es una exitosa pol\u00edtica&#8221;<\/h2>\n\n\n\n<figure class=\"wp-block-image\"><img decoding=\"async\" src=\"https:\/\/www.diarioepoca.com\/content\/bucket\/0\/1264560w524h594c.jpg.webp\" alt=\"\"\/><\/figure>\n\n\n\n<p>Respecto de la aprobaci\u00f3n de su proyecto para declarar Ciudadana Ilustre a la exjefa comunal, el concejal Yamand\u00fa Barrios dijo a \u00e9poca: &#8220;Ana Mar\u00eda es una pol\u00edtica exitosa y fue la primera mujer intendente de una capital de provincia que detent\u00f3 muchos cargos p\u00fablicos sin ning\u00fan acto de corrupci\u00f3n. Adem\u00e1s, defendi\u00f3 los derechos humanos cuando integraba la comisi\u00f3n directiva del Colegio de Abogados y es pionera en la instalaci\u00f3n de los primeros CDI de la ciudad. La verdad es una gran alegr\u00eda que se reconozca a gente exitosa en la pol\u00edtica como lo es Ana Mar\u00eda Pando&#8221;, concluy\u00f3<\/p>\n\n\n\n<h2 class=\"wp-block-heading\">Liberales, libertarios y republicanos<\/h2>\n\n\n\n<figure class=\"wp-block-image\"><img decoding=\"async\" src=\"https:\/\/www.diarioepoca.com\/content\/bucket\/9\/1264559w631h704c.jpg.webp\" alt=\"\"\/><\/figure>\n\n\n\n<h2 class=\"wp-block-heading\">\u00bfHoy, el liberalismo tiene otra connotaci\u00f3n? Digo por la irrupci\u00f3n de los libertarios.<\/h2>\n\n\n\n<p><br>Es una reivindicaci\u00f3n de lo que significa ser liberal, que es la defensa de las libertades individuales. Y hay muchos partidos que no se llaman Partido Liberal y abrazan esa filosof\u00eda.<\/p>\n\n\n\n<h2 class=\"wp-block-heading\">\u00bfEst\u00e1 lejos de la postura de Milei?<\/h2>\n\n\n\n<p><br>Es una persona que abraza algunos principios liberales, pero no con todo estoy de acuerdo, porque la disrupci\u00f3n que \u00e9l intenta implantar, no est\u00e1 muy de acuerdo con el orden constitucional. Y yo fundamentalmente soy republicana.<\/p>\n\n\n\n<p><\/p>\n\n\n\n<p>FUENTE: DIARIO \u00c8POCA<\/p>\n","protected":false},"excerpt":{"rendered":"<p>En 1987 lleg\u00f3 a la Intendencia y fue la primera mujer en comandarla. &#8220;Me pidieron que preste el nombre porque era una candidatura para perder. Les dije que aceptaba, pero&hellip; <\/p>\n","protected":false},"author":4,"featured_media":23149,"comment_status":"closed","ping_status":"open","sticky":false,"template":"","format":"standard","meta":{"footnotes":""},"categories":[3],"tags":[],"class_list":["post-23148","post","type-post","status-publish","format-standard","has-post-thumbnail","hentry","category-politica"],"_links":{"self":[{"href":"https:\/\/corrientesdetarde.com\/index.php\/wp-json\/wp\/v2\/posts\/23148","targetHints":{"allow":["GET"]}}],"collection":[{"href":"https:\/\/corrientesdetarde.com\/index.php\/wp-json\/wp\/v2\/posts"}],"about":[{"href":"https:\/\/corrientesdetarde.com\/index.php\/wp-json\/wp\/v2\/types\/post"}],"author":[{"embeddable":true,"href":"https:\/\/corrientesdetarde.com\/index.php\/wp-json\/wp\/v2\/users\/4"}],"replies":[{"embeddable":true,"href":"https:\/\/corrientesdetarde.com\/index.php\/wp-json\/wp\/v2\/comments?post=23148"}],"version-history":[{"count":2,"href":"https:\/\/corrientesdetarde.com\/index.php\/wp-json\/wp\/v2\/posts\/23148\/revisions"}],"predecessor-version":[{"id":23214,"href":"https:\/\/corrientesdetarde.com\/index.php\/wp-json\/wp\/v2\/posts\/23148\/revisions\/23214"}],"wp:featuredmedia":[{"embeddable":true,"href":"https:\/\/corrientesdetarde.com\/index.php\/wp-json\/wp\/v2\/media\/23149"}],"wp:attachment":[{"href":"https:\/\/corrientesdetarde.com\/index.php\/wp-json\/wp\/v2\/media?parent=23148"}],"wp:term":[{"taxonomy":"category","embeddable":true,"href":"https:\/\/corrientesdetarde.com\/index.php\/wp-json\/wp\/v2\/categories?post=23148"},{"taxonomy":"post_tag","embeddable":true,"href":"https:\/\/corrientesdetarde.com\/index.php\/wp-json\/wp\/v2\/tags?post=23148"}],"curies":[{"name":"wp","href":"https:\/\/api.w.org\/{rel}","templated":true}]}}