{"id":231802,"date":"2025-10-17T08:39:40","date_gmt":"2025-10-17T11:39:40","guid":{"rendered":"https:\/\/corrientesdetarde.com\/?p=231802"},"modified":"2025-10-17T08:40:11","modified_gmt":"2025-10-17T11:40:11","slug":"pescadores-brasilenos-dispararon-contra-patrulla-de-prefectura-en-frontera-de-corrientes","status":"publish","type":"post","link":"https:\/\/corrientesdetarde.com\/index.php\/policiales\/pescadores-brasilenos-dispararon-contra-patrulla-de-prefectura-en-frontera-de-corrientes\/","title":{"rendered":"Pescadores brasile\u00f1os dispararon contra patrulla de Prefectura en frontera de Corrientes"},"content":{"rendered":"\n<p><a href=\"https:\/\/facebook.com\/\"><br><\/a><a href=\"https:\/\/twitter.com\/\"><\/a><\/p>\n\n\n\n<p><br>All\u00ed, en el lugar inspeccionado , los prefectos hallaron redes de pesca instaladas de forma ilegal y procedieron a retirarlas.<\/p>\n\n\n\n<p>De pronto, seg\u00fan&nbsp; se relata, desde jurisdicci\u00f3n brasile\u00f1a en zona de San Borja observaron una embarcaci\u00f3n que se dirigi\u00f3 hacia la patrulla de Prefectura efectuando disparos de armas de fuego de grueso calibre.<\/p>\n\n\n\n<p>La escena, percibida por los uniformados como grave, se volvi\u00f3 riesgosa y seg\u00fan relatan, tuvieron que efectuar disparos para repeler el ataque de la embarcaci\u00f3n brasile\u00f1a<\/p>\n\n\n\n<p>Desde Prefectura no habr\u00eda heridos , pero se sabe que la fuerza federal de seguridad ya inici\u00f3 una denuncia formal ante las autoridades brasile\u00f1as.<\/p>\n\n\n\n<p>El grave episodio se produce luego del aumento de los controles ordenados por el Ministerio de Seguridad de la provincia y la Naci\u00f3n.<\/p>\n\n\n\n<p>Se busca evitar los delitos de abigeato y contrabando producido por delincuentes de nacionalidad brasile\u00f1a en suelo argentino.<\/p>\n","protected":false},"excerpt":{"rendered":"<p>All\u00ed, en el lugar inspeccionado , los prefectos hallaron redes de pesca instaladas de forma ilegal y procedieron a retirarlas. De pronto, seg\u00fan&nbsp; se relata, desde jurisdicci\u00f3n brasile\u00f1a en zona&hellip; <\/p>\n","protected":false},"author":1,"featured_media":200234,"comment_status":"closed","ping_status":"open","sticky":false,"template":"","format":"standard","meta":{"footnotes":""},"categories":[33],"tags":[],"class_list":["post-231802","post","type-post","status-publish","format-standard","has-post-thumbnail","hentry","category-policiales"],"_links":{"self":[{"href":"https:\/\/corrientesdetarde.com\/index.php\/wp-json\/wp\/v2\/posts\/231802","targetHints":{"allow":["GET"]}}],"collection":[{"href":"https:\/\/corrientesdetarde.com\/index.php\/wp-json\/wp\/v2\/posts"}],"about":[{"href":"https:\/\/corrientesdetarde.com\/index.php\/wp-json\/wp\/v2\/types\/post"}],"author":[{"embeddable":true,"href":"https:\/\/corrientesdetarde.com\/index.php\/wp-json\/wp\/v2\/users\/1"}],"replies":[{"embeddable":true,"href":"https:\/\/corrientesdetarde.com\/index.php\/wp-json\/wp\/v2\/comments?post=231802"}],"version-history":[{"count":1,"href":"https:\/\/corrientesdetarde.com\/index.php\/wp-json\/wp\/v2\/posts\/231802\/revisions"}],"predecessor-version":[{"id":231809,"href":"https:\/\/corrientesdetarde.com\/index.php\/wp-json\/wp\/v2\/posts\/231802\/revisions\/231809"}],"wp:featuredmedia":[{"embeddable":true,"href":"https:\/\/corrientesdetarde.com\/index.php\/wp-json\/wp\/v2\/media\/200234"}],"wp:attachment":[{"href":"https:\/\/corrientesdetarde.com\/index.php\/wp-json\/wp\/v2\/media?parent=231802"}],"wp:term":[{"taxonomy":"category","embeddable":true,"href":"https:\/\/corrientesdetarde.com\/index.php\/wp-json\/wp\/v2\/categories?post=231802"},{"taxonomy":"post_tag","embeddable":true,"href":"https:\/\/corrientesdetarde.com\/index.php\/wp-json\/wp\/v2\/tags?post=231802"}],"curies":[{"name":"wp","href":"https:\/\/api.w.org\/{rel}","templated":true}]}}