{"id":231898,"date":"2025-10-18T09:20:00","date_gmt":"2025-10-18T12:20:00","guid":{"rendered":"https:\/\/corrientesdetarde.com\/?p=231898"},"modified":"2025-10-18T09:12:49","modified_gmt":"2025-10-18T12:12:49","slug":"dejaron-en-libertad-a-un-condenado-por-abuso-sexual-y-violo-a-una-mujer-con-sindrome-de-down","status":"publish","type":"post","link":"https:\/\/corrientesdetarde.com\/index.php\/policiales\/dejaron-en-libertad-a-un-condenado-por-abuso-sexual-y-violo-a-una-mujer-con-sindrome-de-down\/","title":{"rendered":"Dejaron en libertad a un condenado por abuso sexual y viol\u00f3 a una mujer con S\u00edndrome de Down."},"content":{"rendered":"\n<h2 class=\"wp-block-heading\">El fiscal Facundo Cabral calific\u00f3 de &#8220;inentendible&#8221; la decisi\u00f3n judicial que permiti\u00f3 que el agresor siguiera en libertad, pese a tener dos condenas previas por abuso sexual. El nuevo ataque ocurri\u00f3 solo nueve d\u00edas despu\u00e9s del \u00faltimo fallo en su contra.<\/h2>\n\n\n\n<p>Un hombre fue detenido en Santo Tom\u00e9 acusado de abusar sexualmente de una mujer de 36 a\u00f1os con S\u00edndrome de Down. El caso gener\u00f3 indignaci\u00f3n en la comunidad, ya que el atacante hab\u00eda sido condenado apenas nueve d\u00edas antes por otros dos hechos similares contra menores de edad, pero continuaba en libertad.<\/p>\n\n\n\n<p>El fiscal de Santo Tom\u00e9, Facundo Cabral, cuestion\u00f3 duramente la decisi\u00f3n del Tribunal Oral N\u00b02 de Corrientes, que le hab\u00eda impuesto una pena de 10 a\u00f1os de prisi\u00f3n por abuso sexual pero permiti\u00f3 que siguiera libre hasta que la sentencia quedara firme.<\/p>\n\n\n\n<p>&#8220;Es inentendible que un tribunal dicte una condena de 10 a\u00f1os por abuso contra menores y no deje detenido al acusado. Esto le permiti\u00f3 seguir delinquiendo&#8221;, expres\u00f3 el fiscal.<\/p>\n\n\n\n<p>Durante la detenci\u00f3n, el hombre llevaba consigo una copia de la sentencia reciente, en la que figuraban sus antecedentes por abusos comprobados. &#8220;Pudo haberse evitado este hecho, y no se evit\u00f3&#8221;, lament\u00f3 Cabral, al recalcar que el ataque a la mujer con discapacidad podr\u00eda haberse prevenido si se hubiera ordenado la prisi\u00f3n preventiva.<\/p>\n\n\n\n<p>El caso reabre el debate sobre la necesidad de reforzar los controles judiciales en casos de delitos sexuales y la aplicaci\u00f3n efectiva de las condenas.<\/p>\n","protected":false},"excerpt":{"rendered":"<p>El fiscal Facundo Cabral calific\u00f3 de &#8220;inentendible&#8221; la decisi\u00f3n judicial que permiti\u00f3 que el agresor siguiera en libertad, pese a tener dos condenas previas por abuso sexual. El nuevo ataque&hellip; <\/p>\n","protected":false},"author":6,"featured_media":231901,"comment_status":"closed","ping_status":"open","sticky":false,"template":"","format":"standard","meta":{"footnotes":""},"categories":[33],"tags":[],"class_list":["post-231898","post","type-post","status-publish","format-standard","has-post-thumbnail","hentry","category-policiales"],"_links":{"self":[{"href":"https:\/\/corrientesdetarde.com\/index.php\/wp-json\/wp\/v2\/posts\/231898","targetHints":{"allow":["GET"]}}],"collection":[{"href":"https:\/\/corrientesdetarde.com\/index.php\/wp-json\/wp\/v2\/posts"}],"about":[{"href":"https:\/\/corrientesdetarde.com\/index.php\/wp-json\/wp\/v2\/types\/post"}],"author":[{"embeddable":true,"href":"https:\/\/corrientesdetarde.com\/index.php\/wp-json\/wp\/v2\/users\/6"}],"replies":[{"embeddable":true,"href":"https:\/\/corrientesdetarde.com\/index.php\/wp-json\/wp\/v2\/comments?post=231898"}],"version-history":[{"count":1,"href":"https:\/\/corrientesdetarde.com\/index.php\/wp-json\/wp\/v2\/posts\/231898\/revisions"}],"predecessor-version":[{"id":231902,"href":"https:\/\/corrientesdetarde.com\/index.php\/wp-json\/wp\/v2\/posts\/231898\/revisions\/231902"}],"wp:featuredmedia":[{"embeddable":true,"href":"https:\/\/corrientesdetarde.com\/index.php\/wp-json\/wp\/v2\/media\/231901"}],"wp:attachment":[{"href":"https:\/\/corrientesdetarde.com\/index.php\/wp-json\/wp\/v2\/media?parent=231898"}],"wp:term":[{"taxonomy":"category","embeddable":true,"href":"https:\/\/corrientesdetarde.com\/index.php\/wp-json\/wp\/v2\/categories?post=231898"},{"taxonomy":"post_tag","embeddable":true,"href":"https:\/\/corrientesdetarde.com\/index.php\/wp-json\/wp\/v2\/tags?post=231898"}],"curies":[{"name":"wp","href":"https:\/\/api.w.org\/{rel}","templated":true}]}}