{"id":231910,"date":"2025-10-18T10:00:00","date_gmt":"2025-10-18T13:00:00","guid":{"rendered":"https:\/\/corrientesdetarde.com\/?p=231910"},"modified":"2025-10-18T09:30:59","modified_gmt":"2025-10-18T12:30:59","slug":"corrientes-celebra-el-dia-internacional-del-patrimonio-cultural-inmaterial","status":"publish","type":"post","link":"https:\/\/corrientesdetarde.com\/index.php\/cultura\/corrientes-celebra-el-dia-internacional-del-patrimonio-cultural-inmaterial\/","title":{"rendered":"Corrientes celebra el D\u00eda Internacional del Patrimonio Cultural Inmaterial."},"content":{"rendered":"\n<h2 class=\"wp-block-heading\">El acto central tendr\u00e1 lugar el lunes 20 de octubre, a las 19, en el Patio de la Cultura Marit\u00e9 Salas (San Juan 546), donde se entregar\u00e1n Diplomas de Honor a grandes referentes del chamam\u00e9 por su invaluable aporte a la m\u00fasica y la identidad correntina.<\/h2>\n\n\n\n<p>En el marco del D\u00eda Internacional del Patrimonio Cultural Inmaterial, proclamado por la UNESCO, Corrientes se prepara para rendir homenaje a sus ra\u00edces culturales a trav\u00e9s del ciclo &#8220;Patrimonio Vivo de Corrientes: celebrando nuestro legado&#8221;, una serie de actividades organizadas por el Instituto de Cultura de Corrientes, el senador nacional Eduardo Vischi y la Fundaci\u00f3n Memoria del Chamam\u00e9.<\/p>\n\n\n\n<p>El acto central tendr\u00e1 lugar el lunes 20 de octubre, a las 19, en el Patio de la Cultura Marit\u00e9 Salas (San Juan 546), donde se entregar\u00e1n Diplomas de Honor a grandes referentes del chamam\u00e9 por su invaluable aporte a la m\u00fasica y la identidad correntina.<\/p>\n\n\n\n<p>Entre los distinguidos se encuentran reconocidas figuras como Coquimarola, Bocha Sheridan, N\u00e9lida Argentina Zen\u00f3n, Mar\u00eda Ofelia y Rosita Leiva. Tambi\u00e9n ser\u00e1n reconocidos Jorge Balmaceda, Secundino Mart\u00ednez, F\u00e9lix Ch\u00e1vez, Juancito G\u00fcenaga, Juancito Ben\u00edtez, Bruno Mendoza, el conjunto Los Hijos de los Barrios y el Grupo Itat\u00ed, que celebra 20 a\u00f1os de trayectoria.<ins><\/ins><\/p>\n\n\n\n<p>Durante la ceremonia, se rendir\u00e1 adem\u00e1s un homenaje especial al chamamecero Mat\u00edas Galarza, recientemente fallecido, recordando su legado dentro del g\u00e9nero y su compromiso con la difusi\u00f3n del chamam\u00e9.<\/p>\n\n\n\n<figure class=\"wp-block-image size-full\"><img loading=\"lazy\" decoding=\"async\" width=\"474\" height=\"592\" src=\"https:\/\/corrientesdetarde.com\/wp-content\/uploads\/2025\/10\/image-622.png\" alt=\"\" class=\"wp-image-231914\" srcset=\"https:\/\/corrientesdetarde.com\/wp-content\/uploads\/2025\/10\/image-622.png 474w, https:\/\/corrientesdetarde.com\/wp-content\/uploads\/2025\/10\/image-622-240x300.png 240w\" sizes=\"auto, (max-width: 474px) 100vw, 474px\" \/><\/figure>\n\n\n\n<p>Actividades complementarias<\/p>\n\n\n\n<p>La celebraci\u00f3n del patrimonio vivo no se limitar\u00e1 al acto de distinci\u00f3n. El jueves 23 de octubre, de 19 a 21, se desarrollar\u00e1 en el Museo de Artesan\u00edas Tradicionales (MAT) (Quintana 905) la actividad &#8220;Chamam\u00e9 Vivo: clase did\u00e1ctica&#8221;, una experiencia abierta al p\u00fablico que incluir\u00e1 demostraciones de t\u00e9cnicas artesanales, m\u00fasica en vivo y danzas tradicionales.<\/p>\n\n\n\n<p>Finalmente, el ciclo culminar\u00e1 el viernes 24 de octubre, a las 20, con la inauguraci\u00f3n oficial del Museo del Carnaval, ubicado en Pellegrini 494. La muestra permanente y las obras de puesta en valor resaltar\u00e1n otra de las manifestaciones clave del patrimonio cultural inmaterial de la provincia: el carnaval correntino.<\/p>\n\n\n\n<p>Celebrando la diversidad cultural<\/p>\n\n\n\n<p>Esta conmemoraci\u00f3n se enmarca en la invitaci\u00f3n de la UNESCO a los Estados y comunidades a resaltar la riqueza y diversidad del patrimonio vivo a nivel mundial, promoviendo su transmisi\u00f3n a las nuevas generaciones y fortaleciendo las identidades locales.<\/p>\n\n\n\n<p>Corrientes, cuna del chamam\u00e9 y de una profunda tradici\u00f3n festiva y artesanal, se suma con orgullo a esta celebraci\u00f3n internacional, reafirmando su compromiso con la preservaci\u00f3n y difusi\u00f3n de su legado cultural.<\/p>\n","protected":false},"excerpt":{"rendered":"<p>El acto central tendr\u00e1 lugar el lunes 20 de octubre, a las 19, en el Patio de la Cultura Marit\u00e9 Salas (San Juan 546), donde se entregar\u00e1n Diplomas de Honor&hellip; <\/p>\n","protected":false},"author":6,"featured_media":231913,"comment_status":"closed","ping_status":"open","sticky":false,"template":"","format":"standard","meta":{"footnotes":""},"categories":[15],"tags":[],"class_list":["post-231910","post","type-post","status-publish","format-standard","has-post-thumbnail","hentry","category-cultura"],"_links":{"self":[{"href":"https:\/\/corrientesdetarde.com\/index.php\/wp-json\/wp\/v2\/posts\/231910","targetHints":{"allow":["GET"]}}],"collection":[{"href":"https:\/\/corrientesdetarde.com\/index.php\/wp-json\/wp\/v2\/posts"}],"about":[{"href":"https:\/\/corrientesdetarde.com\/index.php\/wp-json\/wp\/v2\/types\/post"}],"author":[{"embeddable":true,"href":"https:\/\/corrientesdetarde.com\/index.php\/wp-json\/wp\/v2\/users\/6"}],"replies":[{"embeddable":true,"href":"https:\/\/corrientesdetarde.com\/index.php\/wp-json\/wp\/v2\/comments?post=231910"}],"version-history":[{"count":1,"href":"https:\/\/corrientesdetarde.com\/index.php\/wp-json\/wp\/v2\/posts\/231910\/revisions"}],"predecessor-version":[{"id":231915,"href":"https:\/\/corrientesdetarde.com\/index.php\/wp-json\/wp\/v2\/posts\/231910\/revisions\/231915"}],"wp:featuredmedia":[{"embeddable":true,"href":"https:\/\/corrientesdetarde.com\/index.php\/wp-json\/wp\/v2\/media\/231913"}],"wp:attachment":[{"href":"https:\/\/corrientesdetarde.com\/index.php\/wp-json\/wp\/v2\/media?parent=231910"}],"wp:term":[{"taxonomy":"category","embeddable":true,"href":"https:\/\/corrientesdetarde.com\/index.php\/wp-json\/wp\/v2\/categories?post=231910"},{"taxonomy":"post_tag","embeddable":true,"href":"https:\/\/corrientesdetarde.com\/index.php\/wp-json\/wp\/v2\/tags?post=231910"}],"curies":[{"name":"wp","href":"https:\/\/api.w.org\/{rel}","templated":true}]}}