{"id":231926,"date":"2025-10-18T10:50:00","date_gmt":"2025-10-18T13:50:00","guid":{"rendered":"https:\/\/corrientesdetarde.com\/?p=231926"},"modified":"2025-10-18T12:31:45","modified_gmt":"2025-10-18T15:31:45","slug":"encontraron-mas-de-20-orcas-muertas-en-tierra-del-fuego","status":"publish","type":"post","link":"https:\/\/corrientesdetarde.com\/index.php\/informacion-general\/encontraron-mas-de-20-orcas-muertas-en-tierra-del-fuego\/","title":{"rendered":"Encontraron m\u00e1s de 20 orcas muertas en Tierra del Fuego."},"content":{"rendered":"\n<h2 class=\"wp-block-heading\">A principios de septiembre se hab\u00edan detectado dos ejemplares, pero con el paso de los d\u00edas se hall\u00f3 al resto de los espec\u00edmenes. Se trata del mayor varamiento registrado de orcas ecotipo D.<\/h2>\n\n\n\n<p>El reciente hallazgo de\u00a0<strong>26 ejemplares de Orca ecotipo D<\/strong>\u00a0varados en la costa atl\u00e1ntica de\u00a0<strong>Tierra del Fuego<\/strong>\u00a0marc\u00f3 un acontecimiento sin precedentes para la regi\u00f3n, ya que se tratar\u00eda de apenas el tercer registro mundial de este tipo de evento. A ra\u00edz de esto, dos espec\u00edmenes ser\u00e1n analizados, para poder dar con la causa de muerte de la manada.<\/p>\n\n\n\n<p>El episodio fue descubierto comienzos de septiembre, luego de que los cad\u00e1veres fueran encontrados en la bah\u00eda de San Sebasti\u00e1n, que se ubica en el norte de la provincia patag\u00f3nica. Desde ese entonces, un equipo de especialistas del laboratorio de&nbsp;<strong>Investigaciones en Mam\u00edferos Marinos Australes (IMMA)&nbsp;<\/strong>del&nbsp;<strong>CONICET&nbsp;<\/strong>inici\u00f3 la tarea de reconstruir lo que ocurri\u00f3 con los animales.<\/p>\n\n\n\n<p>Tras el hallazgo inicial de dos ejemplares, los guardaparques provinciales informaron semanas m\u00e1s tarde sobre la presencia de otros individuos varados en una zona de dif\u00edcil acceso, ubicada al norte del golfo. Asimismo, el equipo del IMMA confirm\u00f3 que tambi\u00e9n se trataba de la misma especie, por lo que el n\u00famero total de animales afectados ascendi\u00f3 a 26.<\/p>\n\n\n\n<p>En cada caso, las especialistas registraron la posici\u00f3n, el sexo y la clase de edad de los ejemplares, adem\u00e1s de tomar medidas corporales, fotograf\u00edas y muestras de piel destinadas a diversos estudios cient\u00edficos. Durante la evaluaci\u00f3n externa, no se detectaron signos de interacci\u00f3n con actividades humanas, ya que\u00a0<strong>no presentaban cortes, hematomas, traumatismos compatibles con colisiones con embarcaciones ni marcas de redes o cabos de pesca.<\/strong><\/p>\n\n\n\n<p>A partir del estado de descomposici\u00f3n observado, se estima que el varamiento del grupo m\u00e1s numeroso coincidi\u00f3 temporalmente con el de los dos individuos reportados en primer t\u00e9rmino. Sin embargo, la ausencia de indicios de causas antr\u00f3picas reforz\u00f3 la necesidad de profundizar en los an\u00e1lisis para determinar el origen del evento.<\/p>\n\n\n\n<p>Seg\u00fan inform\u00f3 el&nbsp;<strong>Centro Austral de Investigaciones Cient\u00edficas (CADIC-CONICET)<\/strong>, las bi\u00f3logas marinas desplegaron una serie de acciones que incluyeron necropsias, recuperaci\u00f3n de esqueletos y recolecci\u00f3n de muestras.<\/p>\n\n\n\n<p>De la misma forma, explicaron que el estudio de estos elementos tendr\u00e1n el objetivo de esclarecer las causas detr\u00e1s de este fen\u00f3meno y profundizar el conocimiento sobre una de las poblaciones de orcas menos estudiadas del planeta.<\/p>\n\n\n\n<p>A pesar de esto,\u00a0<strong>el ecotipo D de orca se distingue de otras poblaciones por rasgos morfol\u00f3gicos particulares<\/strong>. Entre ellos, los especialistas afirmaron que esta especie suele contar con una mancha postocular de menor tama\u00f1o, una cabeza de forma m\u00e1s voluminosa y una montura \u2014la mancha situada detr\u00e1s de la aleta dorsal\u2014 que ser\u00eda menos visible.<\/p>\n\n\n\n<p>De acuerdo con las investigaciones que se realiz\u00f3 sobre estas orcas, se determin\u00f3 que habitan la zona subant\u00e1rtica y suelen formar grupos numerosos. Asimismo, resaltaron que, a nivel global, los registros de varamientos de este ecotipo son sumamente escasos.<\/p>\n\n\n\n<p>El primero de los varamientos se registr\u00f3 en 1955 en la costa de&nbsp;<strong>Nueva Zelanda<\/strong>, donde se encontraron&nbsp;<strong>17 animales varados<\/strong>, mientras que el segundo ocurri\u00f3 en el&nbsp;<strong>estrecho de Magallanes&nbsp;<\/strong>e involucr\u00f3 a un total de&nbsp;<strong>9 individuos<\/strong>. No obstante, el episodio actual no solo se constituy\u00f3 como el primer registro en la costa atl\u00e1ntica de Tierra del Fuego, sino que tambi\u00e9n se sumar\u00eda a la corta lista de eventos que fueron documentados a nivel internacional.<\/p>\n\n\n\n<p>El trabajo de campo y laboratorio continuar\u00e1 en las pr\u00f3ximas semanas, con el prop\u00f3sito de obtener la mayor cantidad de informaci\u00f3n posible y avanzar en los an\u00e1lisis de las muestras recolectadas. Adem\u00e1s, reiteraron que el objetivo es determinar, en la medida de lo posible, la causa del varamiento y ampliar el conocimiento sobre estos ejemplares, cuya biolog\u00eda y comportamiento son en gran parte desconocidos.<\/p>\n\n\n\n<p>Por otro lado, remarcaron que la colaboraci\u00f3n de la sociedad resultar\u00eda fundamental para preservar intactos los ejemplares hallados en la playa, lo que permitir\u00e1 a los investigadores contar con todos los datos necesarios para sus estudios. Por ello, el equipo del IMMA expres\u00f3 su agradecimiento al personal t\u00e9cnico de la Secretar\u00eda de Ambiente de la provincia y a los guardaparques por su disposici\u00f3n y rapidez en el registro y monitoreo de los animales varados.<a href=\"https:\/\/www.infobae.com\/economia\/2025\/10\/18\/si-se-excluye-el-credito-del-fmi-las-reservas-netas-del-bcra-volvieron-al-nivel-al-que-las-recibio-el-gobierno-de-milei\/\" target=\"_blank\" rel=\"noreferrer noopener\"><\/a><\/p>\n\n\n\n<p><a href=\"https:\/\/www.infobae.com\/sociedad\/2025\/10\/18\/el-fin-de-semana-llega-sin-lluvias-al-amba-pero-con-tormentas-y-vientos-en-gran-parte-del-pais\/\" target=\"_blank\" rel=\"noreferrer noopener\"><\/a><\/p>\n\n\n\n<p><a href=\"https:\/\/www.infobae.com\/sociedad\/2025\/10\/18\/un-joven-medico-murio-al-caer-40-metros-desde-un-mirador-en-el-parque-los-glaciares-de-santa-cruz\/\" target=\"_blank\" rel=\"noreferrer noopener\"><\/a><\/p>\n","protected":false},"excerpt":{"rendered":"<p>A principios de septiembre se hab\u00edan detectado dos ejemplares, pero con el paso de los d\u00edas se hall\u00f3 al resto de los espec\u00edmenes. Se trata del mayor varamiento registrado de&hellip; <\/p>\n","protected":false},"author":6,"featured_media":231930,"comment_status":"closed","ping_status":"open","sticky":false,"template":"","format":"standard","meta":{"footnotes":""},"categories":[1],"tags":[],"class_list":["post-231926","post","type-post","status-publish","format-standard","has-post-thumbnail","hentry","category-informacion-general"],"_links":{"self":[{"href":"https:\/\/corrientesdetarde.com\/index.php\/wp-json\/wp\/v2\/posts\/231926","targetHints":{"allow":["GET"]}}],"collection":[{"href":"https:\/\/corrientesdetarde.com\/index.php\/wp-json\/wp\/v2\/posts"}],"about":[{"href":"https:\/\/corrientesdetarde.com\/index.php\/wp-json\/wp\/v2\/types\/post"}],"author":[{"embeddable":true,"href":"https:\/\/corrientesdetarde.com\/index.php\/wp-json\/wp\/v2\/users\/6"}],"replies":[{"embeddable":true,"href":"https:\/\/corrientesdetarde.com\/index.php\/wp-json\/wp\/v2\/comments?post=231926"}],"version-history":[{"count":1,"href":"https:\/\/corrientesdetarde.com\/index.php\/wp-json\/wp\/v2\/posts\/231926\/revisions"}],"predecessor-version":[{"id":231931,"href":"https:\/\/corrientesdetarde.com\/index.php\/wp-json\/wp\/v2\/posts\/231926\/revisions\/231931"}],"wp:featuredmedia":[{"embeddable":true,"href":"https:\/\/corrientesdetarde.com\/index.php\/wp-json\/wp\/v2\/media\/231930"}],"wp:attachment":[{"href":"https:\/\/corrientesdetarde.com\/index.php\/wp-json\/wp\/v2\/media?parent=231926"}],"wp:term":[{"taxonomy":"category","embeddable":true,"href":"https:\/\/corrientesdetarde.com\/index.php\/wp-json\/wp\/v2\/categories?post=231926"},{"taxonomy":"post_tag","embeddable":true,"href":"https:\/\/corrientesdetarde.com\/index.php\/wp-json\/wp\/v2\/tags?post=231926"}],"curies":[{"name":"wp","href":"https:\/\/api.w.org\/{rel}","templated":true}]}}