{"id":231932,"date":"2025-10-18T11:00:00","date_gmt":"2025-10-18T14:00:00","guid":{"rendered":"https:\/\/corrientesdetarde.com\/?p=231932"},"modified":"2025-10-18T12:35:26","modified_gmt":"2025-10-18T15:35:26","slug":"una-mujer-fue-detenida-por-agredir-con-un-cuchillo-a-un-fotografo-durante-el-acto-de-milei-en-tres-de-febrero","status":"publish","type":"post","link":"https:\/\/corrientesdetarde.com\/index.php\/policiales\/una-mujer-fue-detenida-por-agredir-con-un-cuchillo-a-un-fotografo-durante-el-acto-de-milei-en-tres-de-febrero\/","title":{"rendered":"Una mujer fue detenida por agredir con un cuchillo a un fot\u00f3grafo durante el acto de Milei en Tres de Febrero."},"content":{"rendered":"\n<h2 class=\"wp-block-heading\">Previo al ataque, la acusada hab\u00eda sido demorada por haber estado a cent\u00edmetros del Presidente. Logr\u00f3 ser retenida en un supermercado de la zona, luego de que intentara escapar.<\/h2>\n\n\n\n<p>Una mujer, de aproximadamente 50 a\u00f1os, fue detenida en un supermercado de\u00a0<strong>Tres Febrero<\/strong>, luego de que intentara agredir a un fot\u00f3grafo durante el acto de campa\u00f1a que encabez\u00f3 el presidente\u00a0<strong>Javier Milei<\/strong>\u00a0en la zona. Despu\u00e9s de una breve persecuci\u00f3n, las autoridades le secuestraron un cuchillo de unos 20 cent\u00edmetros.<\/p>\n\n\n\n<p>Todo ocurri\u00f3 mientras el mandatario brindaba un discurso desde una camioneta, en la que tambi\u00e9n se encontraba la secretaria general de la Presidencia,\u00a0<strong>Karina Milei<\/strong>, la ministra de Seguridad Nacional,\u00a0<strong>Patricia Bullrich<\/strong>, y los candidatos a diputados nacionales de\u00a0<strong>La Libertad Avanza (LLA)<\/strong>\u00a0por provincia de Buenos Aires,\u00a0<strong>Diego Santilli<\/strong>\u00a0y<strong>\u00a0Karen Reichhardt<\/strong>.<\/p>\n\n\n\n<p>En medio del acto, testigos aseguraron que la mujer hab\u00eda logrado acercarse escasos cent\u00edmetros del jefe de Estado. Por este motivo, el personal de&nbsp;<strong>Gendarmer\u00eda Nacional<\/strong>&nbsp;intervino y la dej\u00f3 demorada. Sin embargo, esta logr\u00f3 zafarse de la custodia y se dirigi\u00f3 directamente hacia un fot\u00f3grafo que cubr\u00eda el evento, con la aparente intenci\u00f3n de apu\u00f1alarlo.<\/p>\n\n\n\n<p>De acuerdo con la informaci\u00f3n publicada por\u00a0<em>Noticias Argentinas<\/em>, la agresora intent\u00f3 huir tras el ataque frustrado, pero un polic\u00eda de civil logr\u00f3 interceptarla y detenerla dentro de un supermercado. Las im\u00e1genes captadas por los presentes mostraron a la sospechosa, mientras gritaba alterada, que no la filmen cuando era arrestada en el interior del negocio.<\/p>\n\n\n\n<p>Luego de haber sido reducida, la sospechosa fue trasladada hacia la Comisar\u00eda 7.\u00aa del Palomar, en el partido de Tres de Febrero. Asimismo, fuentes vinculadas a la investigaci\u00f3n se\u00f1alaron que, pese a la gravedad de los hechos y a que la mujer portaba un arma blanca,&nbsp;<strong>habr\u00eda recuperado la libertad<\/strong>. No obstante, permanece imputada en la causa.<\/p>\n\n\n\n<p>Poco despu\u00e9s de que se confirmara la detenci\u00f3n de la mujer, su hermana, llamada Fabiana, se present\u00f3 en la dependencia policial. Durante una breve entrevista para el noticiero de&nbsp;<em>A24<\/em>, asegur\u00f3 que concurri\u00f3 al lugar, tras haber sido notificada del arresto.<\/p>\n\n\n\n<p>\u201cNo s\u00e9 qu\u00e9 es lo que pas\u00f3 y en la comisar\u00eda no me dejan hablar con ella, para ver si est\u00e1 bien y si ten\u00eda o no algo\u201d, declar\u00f3 la familiar de la sospechosa. Asimismo, asegur\u00f3 que no hab\u00eda llegado a ver la escena que se viraliz\u00f3 en las redes sociales, donde se not\u00f3 la alteraci\u00f3n de la detenida.<\/p>\n\n\n\n<p>Al ser consultada sobre la posibilidad de que la mujer sufriera alg\u00fan tipo de condici\u00f3n psicol\u00f3gica y\/o psiqui\u00e1trica, su hermana afirm\u00f3:&nbsp;<strong>\u201cMi hermana no tiene ning\u00fan problema ps\u00edquico y es bioqu\u00edmica\u201d<\/strong>. De la misma manera, cont\u00f3 que la acusada no les hab\u00eda informado que iba a asistir al acto, pero era \u201cun paso obligado\u201d porque vivir\u00eda a unas cuadras de la zona.<img loading=\"lazy\" decoding=\"async\" alt=\"El cuchillo que le secuestraron\" height=\"1080\" src=\"https:\/\/www.infobae.com\/resizer\/v2\/DN66R2QRBZEOVGMHG3TQDUA4UM.jpg?auth=d5aed2161973c9eb6a63f6f6b6ce75a308ee3e633bb6384bdb6e1caa93631a7f&amp;smart=true&amp;width=350&amp;height=350&amp;quality=85\" width=\"1080\">El cuchillo que le secuestraron a la mujer (NA)<\/p>\n\n\n\n<p>\u201cLo \u00fanico que s\u00e9 es que corr\u00ed hasta el supermercado y el gerente me dijo que alguien ven\u00eda corri\u00e9ndola, pero que la polic\u00eda se la llev\u00f3\u201d, reconstruy\u00f3 la mujer sobre el momento en el que habr\u00eda sido informada del incidente. Asimismo, insisti\u00f3 en que no ten\u00eda conocimiento del acto pol\u00edtico y que se habr\u00eda enterado el mismo d\u00eda por la concurrencia de gente.<\/p>\n\n\n\n<p>En el mismo m\u00f3vil, relataron que la sospechosa tambi\u00e9n habr\u00eda cargado un gas pimienta, el cual habr\u00eda utilizado para agredir a varios fot\u00f3grafos y a los presentes antes de intentar darse a la fuga. Incluso, fue se\u00f1alada por presuntamente haberle pegado una patada a uno de los oficiales que participaron del arresto.<\/p>\n\n\n\n<p>Por otro lado, una de las empleadas del supermercado asegur\u00f3 que la hab\u00eda visto entrar corriendo, pero que no pod\u00eda constatar si portaba un cuchillo. \u201cEntr\u00f3 corriendo buscando a alguien y despu\u00e9s empez\u00f3 a buscar por todos los pasillos a las corridas\u201d, relat\u00f3.<\/p>\n\n\n\n<p>\u201cEmpiezo a escuchar que gritan los otros clientes, me asom\u00f3 y veo que ten\u00eda un cuchillo en la mano. Y, obviamente, lo primero que empiezo a hacer es tratar de correr a toda la gente para que no pueda herir a alguien\u201d, explic\u00f3 la joven, tras se\u00f1alar que segundos despu\u00e9s el polic\u00eda que se vio en el video logr\u00f3 detenerla contra una de las g\u00f3ndolas.<a href=\"https:\/\/www.infobae.com\/sociedad\/policiales\/2025\/10\/18\/un-miembro-de-los-hells-angels-se-pelo-con-un-grupo-de-trapitos-en-el-centro-de-la-plata\/\" target=\"_blank\" rel=\"noreferrer noopener\"><\/a><\/p>\n\n\n\n<p><a href=\"https:\/\/www.infobae.com\/sociedad\/policiales\/2025\/10\/18\/desarticularon-una-banda-que-robo-millones-de-dolares-en-repuestos-de-las-fabricas-de-ford-y-volkswagen\/\" target=\"_blank\" rel=\"noreferrer noopener\"><\/a><\/p>\n\n\n\n<p><a href=\"https:\/\/www.infobae.com\/sociedad\/policiales\/2025\/10\/18\/detuvieron-a-tres-de-los-acusados-de-haber-asesinado-a-un-joven-a-balazos-en-florencio-varela\/\" target=\"_blank\" rel=\"noreferrer noopener\"><\/a><\/p>\n","protected":false},"excerpt":{"rendered":"<p>Previo al ataque, la acusada hab\u00eda sido demorada por haber estado a cent\u00edmetros del Presidente. Logr\u00f3 ser retenida en un supermercado de la zona, luego de que intentara escapar. Una&hellip; <\/p>\n","protected":false},"author":6,"featured_media":231934,"comment_status":"closed","ping_status":"open","sticky":false,"template":"","format":"standard","meta":{"footnotes":""},"categories":[33],"tags":[],"class_list":["post-231932","post","type-post","status-publish","format-standard","has-post-thumbnail","hentry","category-policiales"],"_links":{"self":[{"href":"https:\/\/corrientesdetarde.com\/index.php\/wp-json\/wp\/v2\/posts\/231932","targetHints":{"allow":["GET"]}}],"collection":[{"href":"https:\/\/corrientesdetarde.com\/index.php\/wp-json\/wp\/v2\/posts"}],"about":[{"href":"https:\/\/corrientesdetarde.com\/index.php\/wp-json\/wp\/v2\/types\/post"}],"author":[{"embeddable":true,"href":"https:\/\/corrientesdetarde.com\/index.php\/wp-json\/wp\/v2\/users\/6"}],"replies":[{"embeddable":true,"href":"https:\/\/corrientesdetarde.com\/index.php\/wp-json\/wp\/v2\/comments?post=231932"}],"version-history":[{"count":1,"href":"https:\/\/corrientesdetarde.com\/index.php\/wp-json\/wp\/v2\/posts\/231932\/revisions"}],"predecessor-version":[{"id":231935,"href":"https:\/\/corrientesdetarde.com\/index.php\/wp-json\/wp\/v2\/posts\/231932\/revisions\/231935"}],"wp:featuredmedia":[{"embeddable":true,"href":"https:\/\/corrientesdetarde.com\/index.php\/wp-json\/wp\/v2\/media\/231934"}],"wp:attachment":[{"href":"https:\/\/corrientesdetarde.com\/index.php\/wp-json\/wp\/v2\/media?parent=231932"}],"wp:term":[{"taxonomy":"category","embeddable":true,"href":"https:\/\/corrientesdetarde.com\/index.php\/wp-json\/wp\/v2\/categories?post=231932"},{"taxonomy":"post_tag","embeddable":true,"href":"https:\/\/corrientesdetarde.com\/index.php\/wp-json\/wp\/v2\/tags?post=231932"}],"curies":[{"name":"wp","href":"https:\/\/api.w.org\/{rel}","templated":true}]}}