{"id":231933,"date":"2025-10-18T11:10:00","date_gmt":"2025-10-18T14:10:00","guid":{"rendered":"https:\/\/corrientesdetarde.com\/?p=231933"},"modified":"2025-10-18T12:38:46","modified_gmt":"2025-10-18T15:38:46","slug":"un-joven-medico-murio-al-caer-desde-un-mirador-en-el-parque-los-glaciares-de-santa-cruz","status":"publish","type":"post","link":"https:\/\/corrientesdetarde.com\/index.php\/policiales\/un-joven-medico-murio-al-caer-desde-un-mirador-en-el-parque-los-glaciares-de-santa-cruz\/","title":{"rendered":"Un joven m\u00e9dico muri\u00f3 al caer desde un mirador en el Parque Los Glaciares de Santa Cruz."},"content":{"rendered":"\n<h2 class=\"wp-block-heading\">Ten\u00eda 36 a\u00f1os y sufri\u00f3 el accidente mientras hac\u00eda trekking. Era hermano de una ex jugadora de voley de la selecci\u00f3n argentina.<\/h2>\n\n\n\n<p><strong>Agust\u00edn Ezequiel Fresco<\/strong>, un joven m\u00e9dico de 36 a\u00f1os nacido en Entre R\u00edos, muri\u00f3\u00a0<strong>al caer unos 40 metros desde un mirador en el Parque Nacional Los Glaciares<\/strong>, en la provincia de\u00a0Santa Cruz.<\/p>\n\n\n\n<p>Fuentes oficiales indicaron\u00a0que el accidente ocurri\u00f3 durante la tarde del jueves, en las inmediaciones del mirador\u00a0<strong>Dos C\u00f3ndores<\/strong>, en la zona norte del parque, cerca de la localidad de\u00a0<strong>El Chalt\u00e9n<\/strong>.<\/p>\n\n\n\n<p>Una patrulla del&nbsp;<strong>Grupo Especializado de Alta Monta\u00f1a de la Gendarmer\u00eda Nacional Argentina<\/strong>, junto con agentes de la&nbsp;<strong>Administraci\u00f3n del Parque Nacional Los Glaciares zona norte<\/strong>, realizaron el rescate del cuerpo.<\/p>\n\n\n\n<p><strong>El Juzgado de Instrucci\u00f3n Penal Juvenil N\u00b01 de El Calafate<\/strong>, cuyo secretario de turno orden\u00f3 la realizaci\u00f3n de actuaciones preliminares y el posterior traslado del cuerpo al&nbsp;<strong>puesto sanitario de la localidad<\/strong>. La autopsia estuvo a cargo del&nbsp;<strong>Cuerpo M\u00e9dico Forense de la provincia<\/strong>.<\/p>\n\n\n\n<p>De acuerdo con autoridades de&nbsp;<strong>Parques Nacionales,&nbsp;<\/strong>citadas por medios santacruce\u00f1os, Fresco realizaba una excursi\u00f3n de trekking cuando, por causas que todav\u00eda se investigan, sufri\u00f3 la ca\u00edda mortal desde una altura significativa. Las fuentes hablan de que fue entre 30 y 40 metros.<\/p>\n\n\n\n<p><strong>Fresco<\/strong>, oriundo de la localidad de&nbsp;<strong>Chajar\u00ed<\/strong>,&nbsp;<strong>Entre R\u00edos,<\/strong>&nbsp;era hermano de&nbsp;<strong>Luc\u00eda \u201cLa Rusa\u201d Fresco<\/strong>, exintegrante de la selecci\u00f3n argentina femenina de v\u00f3ley, \u201cLas Panteras\u201d.<\/p>\n\n\n\n<p>Hab\u00eda estudiado\u00a0<strong>Medicina\u00a0<\/strong>en la ciudad de\u00a0<strong>Rosario\u00a0<\/strong>y estaba especializado en\u00a0<strong>Cl\u00ednica M\u00e9dica\u00a0<\/strong>y\u00a0<strong>Endocrinolog\u00eda<\/strong>. En su trayectoria profesional, trabaj\u00f3 en el\u00a0<strong>Hospital Italiano Centro<\/strong>, el\u00a0<strong>Sanatorio Plaza\u00a0<\/strong>y el\u00a0<strong>Sanatorio Aliare<\/strong>.<a href=\"https:\/\/www.infobae.com\/sociedad\/2025\/10\/18\/encontraron-mas-de-20-orcas-muertas-en-tierra-del-fuego-investigan-las-causas-tras-descartar-lesiones\/\" target=\"_blank\" rel=\"noreferrer noopener\"><\/a><\/p>\n\n\n\n<p><a href=\"https:\/\/www.infobae.com\/sociedad\/2025\/10\/18\/la-joven-que-explica-el-abc-de-la-dominacion-financiera-la-practica-de-entregar-dinero-como-forma-de-placer-sexual\/\" target=\"_blank\" rel=\"noreferrer noopener\"><\/a><\/p>\n","protected":false},"excerpt":{"rendered":"<p>Ten\u00eda 36 a\u00f1os y sufri\u00f3 el accidente mientras hac\u00eda trekking. Era hermano de una ex jugadora de voley de la selecci\u00f3n argentina. Agust\u00edn Ezequiel Fresco, un joven m\u00e9dico de 36&hellip; <\/p>\n","protected":false},"author":6,"featured_media":231936,"comment_status":"closed","ping_status":"open","sticky":false,"template":"","format":"standard","meta":{"footnotes":""},"categories":[33],"tags":[],"class_list":["post-231933","post","type-post","status-publish","format-standard","has-post-thumbnail","hentry","category-policiales"],"_links":{"self":[{"href":"https:\/\/corrientesdetarde.com\/index.php\/wp-json\/wp\/v2\/posts\/231933","targetHints":{"allow":["GET"]}}],"collection":[{"href":"https:\/\/corrientesdetarde.com\/index.php\/wp-json\/wp\/v2\/posts"}],"about":[{"href":"https:\/\/corrientesdetarde.com\/index.php\/wp-json\/wp\/v2\/types\/post"}],"author":[{"embeddable":true,"href":"https:\/\/corrientesdetarde.com\/index.php\/wp-json\/wp\/v2\/users\/6"}],"replies":[{"embeddable":true,"href":"https:\/\/corrientesdetarde.com\/index.php\/wp-json\/wp\/v2\/comments?post=231933"}],"version-history":[{"count":1,"href":"https:\/\/corrientesdetarde.com\/index.php\/wp-json\/wp\/v2\/posts\/231933\/revisions"}],"predecessor-version":[{"id":231939,"href":"https:\/\/corrientesdetarde.com\/index.php\/wp-json\/wp\/v2\/posts\/231933\/revisions\/231939"}],"wp:featuredmedia":[{"embeddable":true,"href":"https:\/\/corrientesdetarde.com\/index.php\/wp-json\/wp\/v2\/media\/231936"}],"wp:attachment":[{"href":"https:\/\/corrientesdetarde.com\/index.php\/wp-json\/wp\/v2\/media?parent=231933"}],"wp:term":[{"taxonomy":"category","embeddable":true,"href":"https:\/\/corrientesdetarde.com\/index.php\/wp-json\/wp\/v2\/categories?post=231933"},{"taxonomy":"post_tag","embeddable":true,"href":"https:\/\/corrientesdetarde.com\/index.php\/wp-json\/wp\/v2\/tags?post=231933"}],"curies":[{"name":"wp","href":"https:\/\/api.w.org\/{rel}","templated":true}]}}