{"id":231937,"date":"2025-10-18T11:20:00","date_gmt":"2025-10-18T14:20:00","guid":{"rendered":"https:\/\/corrientesdetarde.com\/?p=231937"},"modified":"2025-10-18T13:52:10","modified_gmt":"2025-10-18T16:52:10","slug":"murio-a-los-54-anos-mariano-castro-el-hermano-gemelo-del-periodista-juan-castro","status":"publish","type":"post","link":"https:\/\/corrientesdetarde.com\/index.php\/espectaculos\/murio-a-los-54-anos-mariano-castro-el-hermano-gemelo-del-periodista-juan-castro\/","title":{"rendered":"Muri\u00f3 a los 54 a\u00f1os Mariano Castro, el hermano gemelo del periodista Juan Castro."},"content":{"rendered":"\n<h2 class=\"wp-block-heading\">Trabaj\u00f3 tambi\u00e9n en el modelaje y la actuaci\u00f3n. Ten\u00eda un hijo, Le\u00f3n, fruto de su relaci\u00f3n con la actriz Mey Sc\u00e1pola.<\/h2>\n\n\n\n<p>A los 54 a\u00f1os muri\u00f3\u00a0<strong>Mariano Castro<\/strong>, periodista, actor y hermano gemelo del recordado periodista\u00a0<strong>Juan Castro<\/strong>. Con una larga trayectoria en el oficio, tambi\u00e9n prob\u00f3 suerte en la actuaci\u00f3n y el modelaje y era pap\u00e1 de\u00a0<strong>Le\u00f3n<\/strong>, fruto de su v\u00ednculo con la actriz y directora\u00a0<strong>Mey Sc\u00e1pola<\/strong>. La noticia fue confirmada a\u00a0<strong>Teleshow<\/strong>\u00a0por el entorno del periodista, que en los \u00faltimos tiempos enfrent\u00f3 un diagn\u00f3stico de c\u00e1ncer de pulm\u00f3n y tambi\u00e9n sufri\u00f3 un accidente cerebrovascular (ACV), lo que lo llev\u00f3 a atravesar un prolongado proceso de recuperaci\u00f3n.<\/p>\n\n\n\n<p>La vida de Mariano Castro estuvo marcada por la profunda conexi\u00f3n que comparti\u00f3 con su hermano gemelo, el recordado periodista JuanCastro, fallecido en marzo de 2004. A lo largo de los a\u00f1os, Mariano rememor\u00f3 p\u00fablicamente la relaci\u00f3n \u00fanica que los un\u00eda, especialmente en los aniversarios de la muerte de Juan, evocando la complicidad y las vivencias compartidas que caracterizan el v\u00ednculo entre gemelos. Adem\u00e1s de Mariano, la familia Castro incluye a un hermano mayor,&nbsp;<strong>Hugo, quien es cineasta y vive en Espa\u00f1a.<\/strong><img loading=\"lazy\" decoding=\"async\" alt=\"Hugo (el hermano mayor )\" height=\"948\" src=\"https:\/\/www.infobae.com\/resizer\/v2\/CPTZYFZB6BDHZMCKQE6EUZNXLI.jpg?auth=d97ebbdc4a01aef8698326cdac00a2f22580757561e3e2a0a60c0f58db4bb776&amp;smart=true&amp;width=350&amp;height=307&amp;quality=85\" width=\"1080\">Hugo (el hermano mayor ) de Juan y Mariano<\/p>\n\n\n\n<p>Antes de incursionar en el periodismo, Mariano Castro desarroll\u00f3 una carrera como modelo, una faceta menos conocida de su trayectoria profesional. Su desempe\u00f1o en campa\u00f1as en\u00a0<strong>M\u00e9xico<\/strong>\u00a0le report\u00f3 buenos resultados, como \u00e9l mismo explic\u00f3 en varias entrevistas. \u201cEn ese entonces, me volv\u00ed a trabajar a M\u00e9xico, me iba muy bien con las publicidades. Yo primero me fui con Juan, \u00e9l se vuelve y yo me quedo\u201d, relat\u00f3 Mariano Castro.<\/p>\n\n\n\n<p>El regreso a Argentina estuvo motivado por la posibilidad de participar en el teatro, lo que marc\u00f3 su incursi\u00f3n en el mundo de la actuaci\u00f3n.\u00a0<strong>\u201cDespu\u00e9s de mi experiencia en M\u00e9xico, decid\u00ed regresar. En un momento dado, surgi\u00f3 la oportunidad de participar en una obra teatral junto a Juan Carlos Gen\u00e9 aqu\u00ed en Argentina. As\u00ed que empec\u00e9 mis cosas y regres\u00e9 para ensayar\u201d,<\/strong>\u00a0contaba Mariano Castro.<\/p>\n\n\n\n<p>El ingreso de Castro al periodismo se produjo de manera fortuita.&nbsp;<strong>\u201cCaigo de casualidad. Estaba volviendo y mando un disco con notas de espect\u00e1culos. A los dos meses apareci\u00f3 un lugar en el m\u00f3vil de un canal de noticias. Yo ten\u00eda mucha bronca y mucho miedo con lo que podr\u00eda pasar con los periodistas en la calle, pero todos me dieron una mano. Y comenc\u00e9 a trabajar en SenadoTV\u201d<\/strong>, detall\u00f3 Mariano sobre sus inicios en el oficio en el que fue muy reconocido su hermano.<\/p>\n\n\n\n<p>En el plano personal, mantuvo una relaci\u00f3n con<strong>\u00a0Mercedes Sc\u00e1pola<\/strong>, hija de la reconocida actriz\u00a0<strong>Mercedes Mor\u00e1n<\/strong>, cuyo amor surgi\u00f3 casi de casualidad: \u201cLa fui a felicitar por una obra que estaba haciendo, de paso me acerqu\u00e9, pero yo me volv\u00eda a M\u00e9xico a los siete d\u00edas. De repente me llega una invitaci\u00f3n por Facebook de ella\u201d,La relaci\u00f3n creci\u00f3 ytuvieron un hijo llamado\u00a0<strong>Le\u00f3n,<\/strong>\u00a0que hoy tiene 12 a\u00f1os.<\/p>\n\n\n\n<p>A trav\u00e9s de sus redes sociales, Mariano sol\u00eda publicar im\u00e1genes y momentos junto a su hijo, mostrando una faceta \u00edntima y familiar que contrastaba con su perfil p\u00fablico. Y en todo momento, el recuerdo de su hermano Juan, de quien el 5 de marzo se cumplieron 21 a\u00f1os de su fallecimiento.<\/p>\n\n\n\n<p><strong>\u201cJuan no pudo, pero Juan amaba vivir y lo disfrutaba mucho. \u00c9l se meti\u00f3 en algo muy jodido y lamentablemente no pudo. \u00c9l quer\u00eda seguir viviendo, pero no pudo. Mi mam\u00e1 siempre dec\u00eda que Juan era una persona noble y as\u00ed fue como se desenvolvi\u00f3 en el trabajo. Me encuentro con gente que trabaj\u00f3 con \u00e9l y siempre tienen un recuerdo hermoso de un tipo que era un amigo. Era lindo trabajar con \u00e9l\u201d<\/strong>&nbsp;sol\u00eda contar Mariano.<\/p>\n\n\n\n<p>Tambi\u00e9n cont\u00f3 en alguna oportunidad detalles de la intimidad familiar, y esas an\u00e9cdotas propias de mellizos:&nbsp;<strong>\u201cHasta los 13 a\u00f1os, nuestros padres nos vest\u00edan de manera id\u00e9ntica, y fue a partir de entonces que cada uno empez\u00f3 a dar forma a su propia personalidad. Hasta los 15 a\u00f1os, tu gemelo es tu todo\u201d<\/strong>, admiti\u00f3.<\/p>\n\n\n\n<p>Adem\u00e1s, relat\u00f3 episodios de conexi\u00f3n profunda:&nbsp;<strong>\u201cNos pas\u00f3 de so\u00f1ar lo mismo la misma noche. Yo me despert\u00e9 sobresaltado y a los dos segundos se levanta Juan y le dije \u2018\u00bfqu\u00e9? \u00bfUna risa?\u2019 y me dice \u2018s\u00ed\u2019. Despu\u00e9s de los 15, \u00e9l empez\u00f3 a salir con sus amigos y yo con los m\u00edos, aunque \u00edbamos juntos a recitales\u201d.<\/strong><\/p>\n\n\n\n<p><\/p>\n\n\n\n<p><a href=\"https:\/\/www.infobae.com\/deportes\/2025\/10\/18\/franco-colapinto-largara-17-en-la-sprint-del-gp-de-estados-unidos-de-la-formula-1-hora-tv-y-todo-lo-que-hay-que-saber\/\" target=\"_blank\" rel=\"noreferrer noopener\"><\/a><\/p>\n\n\n\n<p><a href=\"https:\/\/www.infobae.com\/teleshow\/2025\/10\/18\/guns-n-roses-volvio-a-hacer-historia-en-el-pais-con-una-noche-epica-hits-guinos-a-argentina-y-el-recuerdo-de-ozzy-osbourne\/\" target=\"_blank\" rel=\"noreferrer noopener\"><\/a><\/p>\n\n\n\n<p><\/p>\n","protected":false},"excerpt":{"rendered":"<p>Trabaj\u00f3 tambi\u00e9n en el modelaje y la actuaci\u00f3n. Ten\u00eda un hijo, Le\u00f3n, fruto de su relaci\u00f3n con la actriz Mey Sc\u00e1pola. A los 54 a\u00f1os muri\u00f3\u00a0Mariano Castro, periodista, actor y&hellip; <\/p>\n","protected":false},"author":6,"featured_media":231940,"comment_status":"closed","ping_status":"open","sticky":false,"template":"","format":"standard","meta":{"footnotes":""},"categories":[23,19],"tags":[],"class_list":["post-231937","post","type-post","status-publish","format-standard","has-post-thumbnail","hentry","category-actualidad","category-espectaculos"],"_links":{"self":[{"href":"https:\/\/corrientesdetarde.com\/index.php\/wp-json\/wp\/v2\/posts\/231937","targetHints":{"allow":["GET"]}}],"collection":[{"href":"https:\/\/corrientesdetarde.com\/index.php\/wp-json\/wp\/v2\/posts"}],"about":[{"href":"https:\/\/corrientesdetarde.com\/index.php\/wp-json\/wp\/v2\/types\/post"}],"author":[{"embeddable":true,"href":"https:\/\/corrientesdetarde.com\/index.php\/wp-json\/wp\/v2\/users\/6"}],"replies":[{"embeddable":true,"href":"https:\/\/corrientesdetarde.com\/index.php\/wp-json\/wp\/v2\/comments?post=231937"}],"version-history":[{"count":1,"href":"https:\/\/corrientesdetarde.com\/index.php\/wp-json\/wp\/v2\/posts\/231937\/revisions"}],"predecessor-version":[{"id":231941,"href":"https:\/\/corrientesdetarde.com\/index.php\/wp-json\/wp\/v2\/posts\/231937\/revisions\/231941"}],"wp:featuredmedia":[{"embeddable":true,"href":"https:\/\/corrientesdetarde.com\/index.php\/wp-json\/wp\/v2\/media\/231940"}],"wp:attachment":[{"href":"https:\/\/corrientesdetarde.com\/index.php\/wp-json\/wp\/v2\/media?parent=231937"}],"wp:term":[{"taxonomy":"category","embeddable":true,"href":"https:\/\/corrientesdetarde.com\/index.php\/wp-json\/wp\/v2\/categories?post=231937"},{"taxonomy":"post_tag","embeddable":true,"href":"https:\/\/corrientesdetarde.com\/index.php\/wp-json\/wp\/v2\/tags?post=231937"}],"curies":[{"name":"wp","href":"https:\/\/api.w.org\/{rel}","templated":true}]}}