{"id":232029,"date":"2025-10-19T22:36:35","date_gmt":"2025-10-20T01:36:35","guid":{"rendered":"https:\/\/corrientesdetarde.com\/?p=232029"},"modified":"2025-10-19T22:36:42","modified_gmt":"2025-10-20T01:36:42","slug":"placente-reconocio-a-sus-jugadores-antes-de-la-final-del-mundial-sub-20","status":"publish","type":"post","link":"https:\/\/corrientesdetarde.com\/index.php\/deportes\/placente-reconocio-a-sus-jugadores-antes-de-la-final-del-mundial-sub-20\/","title":{"rendered":"Placente reconoci\u00f3 a sus jugadores antes de la final del Mundial Sub 20"},"content":{"rendered":"\n<p>El t\u00e9cnico de la Selecci\u00f3n argentina mostr\u00f3 confianza en sus dirigidos antes del partido decisivo con Marruecos, en el que buscar\u00e1 la s\u00e9ptima estrella del f\u00fatbol argentino en la categor\u00eda.<\/p>\n\n\n\n<p>Diego Placente, entrenador de la Selecci\u00f3n argentina, tuvo su turno para hablar con la prensa en el d\u00eda previo a la final que la Selecci\u00f3n argentina jugar\u00e1 ante Marruecos en el Mundial Sub 20 Chile 2025.<\/p>\n\n\n\n<p>El entrenador, en primer lugar, expuso las ideas que quiere inculcar a los jugadores: &#8220;Buscamos transmitir lo que nosotros sentimos cuando \u00e9ramos chicos. Ser campe\u00f3n es uno de los recuerdos m\u00e1s lindos que tengo en mi carrera. M\u00e1s all\u00e1 del f\u00fatbol, quedan un mont\u00f3n de cosas lindas&#8221;.<\/p>\n\n\n\n<p>Adem\u00e1s, pudo ver que los jugadores evolucionaron y resolver situaciones propias del juego: &#8220;Conf\u00edo mucho en los jugadores porque son los que resuelven las situaciones en la cancha. Si llegamos hasta ac\u00e1, es por ellos. Durante el torneo, muchos chicos maduraron como jugadores por las distintas experiencias que fueron teniendo. Siento satisfacci\u00f3n de que los jugadores se sientan bien en la cancha y lo disfruten&#8221;.<\/p>\n\n\n\n<p>Por otro lado, record\u00f3 a los jugadores que no llegaron por limitaciones dentro de sus equipos: &#8220;Hay muchos chicos que quisieron venir y no pudieron. Los tenemos presentes todo el tiempo, ellos son parte de esto tambi\u00e9n, aunque no est\u00e9n aca&#8221;.<\/p>\n\n\n\n<p>Luego, se refiri\u00f3 a su pr\u00f3ximo rival: &#8220;Marruecos es un gran equipo. Tienen cosas parecidas a nosotros, jugadores t\u00e9cnicos, f\u00edsicos y muy pasionales, va a ser una final muy dif\u00edcil&#8221;. En este tema, agreg\u00f3 que los suplentes siempre est\u00e1n a la altura al momento de entrar: &#8220;Es muy importante que los que entran desde el banco lo hacen siempre muy bien&#8221;.<\/p>\n\n\n\n<p>Al lado de Placente estaba Julio Soler, quien tuvo su momento para declarar. El lateral izquierdo habl\u00f3 sobre su momento como jugador: &#8220;Estar ac\u00e1 es mi sue\u00f1o. Todos hicimos mucho esfuerzo para poder estar ac\u00e1 y siempre que pueda estar con la Selecci\u00f3n, voy a estar. Estoy muy agradecido con el cuerpo t\u00e9cnico por todo el esfuerzo que hicieron para que yo est\u00e9 hoy ac\u00e1&#8221;.<\/p>\n\n\n\n<p>&#8220;Estamos con ansiedad, pero contamos con un cuerpo t\u00e9cnico que nos transmite mucha tranquilidad. Tenemos un grupo muy unido que ma\u00f1ana ir\u00e1 en busca del objetivo&#8221;, se\u00f1al\u00f3 Soler.<\/p>\n\n\n\n<p>Y agreg\u00f3: &#8220;Tengo muchos sentimientos encontrados en estos momentos. Faltan 90 minutos, estamos muy tranquilos. La mayor\u00eda en el plantel somos amigos y poder jugar una final del mundo con tus amigos es un privilegio&#8221;. Adem\u00e1s se refiri\u00f3 a los chicos que no pudieron llegar: &#8220;Los chicos que no vinieron est\u00e1n presentes todo el tiempo. Se los extra\u00f1a, pero bien&#8221;.<\/p>\n\n\n\n<p>Finalmente, el lateral le dedic\u00f3 unas palabras a su familia: &#8220;Ma\u00f1ana va a ser un d\u00eda muy emotivo. Espero poder darle un buen regalo a mi mam\u00e1 por su d\u00eda&#8221;.<\/p>\n","protected":false},"excerpt":{"rendered":"<p>El t\u00e9cnico de la Selecci\u00f3n argentina mostr\u00f3 confianza en sus dirigidos antes del partido decisivo con Marruecos, en el que buscar\u00e1 la s\u00e9ptima estrella del f\u00fatbol argentino en la categor\u00eda.&hellip; <\/p>\n","protected":false},"author":4,"featured_media":232030,"comment_status":"closed","ping_status":"open","sticky":false,"template":"","format":"standard","meta":{"footnotes":""},"categories":[4],"tags":[],"class_list":["post-232029","post","type-post","status-publish","format-standard","has-post-thumbnail","hentry","category-deportes"],"_links":{"self":[{"href":"https:\/\/corrientesdetarde.com\/index.php\/wp-json\/wp\/v2\/posts\/232029","targetHints":{"allow":["GET"]}}],"collection":[{"href":"https:\/\/corrientesdetarde.com\/index.php\/wp-json\/wp\/v2\/posts"}],"about":[{"href":"https:\/\/corrientesdetarde.com\/index.php\/wp-json\/wp\/v2\/types\/post"}],"author":[{"embeddable":true,"href":"https:\/\/corrientesdetarde.com\/index.php\/wp-json\/wp\/v2\/users\/4"}],"replies":[{"embeddable":true,"href":"https:\/\/corrientesdetarde.com\/index.php\/wp-json\/wp\/v2\/comments?post=232029"}],"version-history":[{"count":1,"href":"https:\/\/corrientesdetarde.com\/index.php\/wp-json\/wp\/v2\/posts\/232029\/revisions"}],"predecessor-version":[{"id":232031,"href":"https:\/\/corrientesdetarde.com\/index.php\/wp-json\/wp\/v2\/posts\/232029\/revisions\/232031"}],"wp:featuredmedia":[{"embeddable":true,"href":"https:\/\/corrientesdetarde.com\/index.php\/wp-json\/wp\/v2\/media\/232030"}],"wp:attachment":[{"href":"https:\/\/corrientesdetarde.com\/index.php\/wp-json\/wp\/v2\/media?parent=232029"}],"wp:term":[{"taxonomy":"category","embeddable":true,"href":"https:\/\/corrientesdetarde.com\/index.php\/wp-json\/wp\/v2\/categories?post=232029"},{"taxonomy":"post_tag","embeddable":true,"href":"https:\/\/corrientesdetarde.com\/index.php\/wp-json\/wp\/v2\/tags?post=232029"}],"curies":[{"name":"wp","href":"https:\/\/api.w.org\/{rel}","templated":true}]}}