{"id":232032,"date":"2025-10-19T22:38:07","date_gmt":"2025-10-20T01:38:07","guid":{"rendered":"https:\/\/corrientesdetarde.com\/?p=232032"},"modified":"2025-10-19T22:38:14","modified_gmt":"2025-10-20T01:38:14","slug":"evacuaron-familias-en-san-luis-y-caa-cati-por-las-intensas-lluvias","status":"publish","type":"post","link":"https:\/\/corrientesdetarde.com\/index.php\/sociales\/evacuaron-familias-en-san-luis-y-caa-cati-por-las-intensas-lluvias\/","title":{"rendered":"Evacuaron familias en San Luis y Ca\u00e1 Cat\u00ed por las intensas lluvias"},"content":{"rendered":"\n<p>Fuentes detallaron que ya son cinco las familias evacuadas tras las intensidad del temporal registrado. En tanto que en Ca\u00e1 Cat\u00ed las precipitaciones afectaron a 100 viviendas y hay 25 evacuados. En ambos lugares brindan asistencia municipal y del personal de Salud P\u00fablica.<\/p>\n\n\n\n<p>La regi\u00f3n mesopot\u00e1mica atraves\u00f3 dos d\u00edas consecutivos con lluvias y tormentas de variada intensidad que complicaron a algunas localidades del interior de la provincia.<\/p>\n\n\n\n<p>Una de ellas es San Luis del Palmar que seg\u00fan fuentes afirmaban que ser\u00edan alrededor de cinco las familias evacuadas en &#8220;El pueblo de la fibra fuerte&#8221;.<\/p>\n\n\n\n<p>En declaraciones a una radio local, el intendente Reni Buj\u00e1n reconoci\u00f3 la creciente de del caudal en los r\u00edos: &#8220;Sabemos que est\u00e1n en alza, estamos padeciendo mucha lluvia, demasiada agua cay\u00f3&#8221;, reconoci\u00f3.<\/p>\n\n\n\n<p>El Jefe comunal reiter\u00f3 a la poblaci\u00f3n que se encuentran trabajando e hizo un llamado a la solidaridad de todos los sanluise\u00f1os. &#8220;La situaci\u00f3n nos est\u00e1 atravesando a todos los correntinos y provincias cercanas&#8221;, resalt\u00f3.<\/p>\n\n\n\n<p>Al comentar sobre la poblaci\u00f3n rural de esa localidad, Buj\u00e1n resalt\u00f3: &#8220;La Cuarta Secci\u00f3n, en la zona de Empedrado Limpio, m\u00e1s precisamente, los pobladores vienen padeciendo ya hace bastante tiempo, porque esa zona es muy baja y est\u00e1n aislados&#8221;.<\/p>\n\n\n\n<p>Mostr\u00f3 tambi\u00e9n su preocupaci\u00f3n y remarc\u00f3 que est\u00e1n tratando de ir solucionando los inconvenientes y &#8220;estar con la gente que es lo m\u00e1s importante&#8221;.<\/p>\n\n\n\n<p>Destac\u00f3 que disponen del estadio municipal, el que se est\u00e1 utilizando para esta eventualidad: &#8220;Hay que saber entender, saber comprender, saber escuchar al vecino, porque ellos son los que conviven y saben de la realidad y esta situaci\u00f3n&#8221;, reconoci\u00f3 y volvi\u00f3 a repetir que &#8220;el caudal de agua que viene del campo es much\u00edsimo&#8221;.<\/p>\n\n\n\n<p><strong>En Ca\u00e1 Cat\u00ed cayeron 300mm en 48 horas<\/strong><br>En tanto que en la localidad de Ca\u00e1 Cat\u00ed, el intendente Jorge Meza reconoci\u00f3 que la lluvia ca\u00edda fue demasiada en 48 horas. &#8220;Los registros marcan que estamos llegando a los 300 mil\u00edmetros, la lluvia no ces\u00f3 salvo en algunas horas en estos d\u00edas&#8221;, asever\u00f3.<\/p>\n\n\n\n<p>Meza dijo que dicha complicaci\u00f3n tiene que ver con la cantidad de agua que cay\u00f3 en los meses anteriores: &#8220;Tuvimos un agosto y septiembre muy lluvioso y los registros marcan que superamos los 1.000 mil\u00edmetros en estos \u00faltimos meses&#8221;, asegur\u00f3 el Jefe comunal.<\/p>\n\n\n\n<p>&#8220;Hay muchas viviendas precarias cerca de las lagunas que est\u00e1n desbordadas&#8221;, afirm\u00f3 al referirse a la situaci\u00f3n de algunos vecinos, adem\u00e1s de remarcar que no evacuaron muchas familias. &#8220;Pero la gente ya decidi\u00f3 salir de sus casas&#8221;.<\/p>\n\n\n\n<p>El intendente de Ca\u00e1 Cat\u00ed resalt\u00f3 que tienen casas afectadas por el temporal. &#8220;Alrededor de 100 viviendas est\u00e1n en situaci\u00f3n cr\u00edtica&#8221;. Pero al mismo tiempo reconoci\u00f3 tener los albergues preparados para esta ocasi\u00f3n: &#8220;Son alrededor de 25 personas evacuadas, el resto soporta en sus casas, pero desde el Municipio estamos llegando con la asistencia&#8221;, finaliz\u00f3.<\/p>\n","protected":false},"excerpt":{"rendered":"<p>Fuentes detallaron que ya son cinco las familias evacuadas tras las intensidad del temporal registrado. En tanto que en Ca\u00e1 Cat\u00ed las precipitaciones afectaron a 100 viviendas y hay 25&hellip; <\/p>\n","protected":false},"author":4,"featured_media":232033,"comment_status":"closed","ping_status":"open","sticky":false,"template":"","format":"standard","meta":{"footnotes":""},"categories":[17],"tags":[],"class_list":["post-232032","post","type-post","status-publish","format-standard","has-post-thumbnail","hentry","category-sociales"],"_links":{"self":[{"href":"https:\/\/corrientesdetarde.com\/index.php\/wp-json\/wp\/v2\/posts\/232032","targetHints":{"allow":["GET"]}}],"collection":[{"href":"https:\/\/corrientesdetarde.com\/index.php\/wp-json\/wp\/v2\/posts"}],"about":[{"href":"https:\/\/corrientesdetarde.com\/index.php\/wp-json\/wp\/v2\/types\/post"}],"author":[{"embeddable":true,"href":"https:\/\/corrientesdetarde.com\/index.php\/wp-json\/wp\/v2\/users\/4"}],"replies":[{"embeddable":true,"href":"https:\/\/corrientesdetarde.com\/index.php\/wp-json\/wp\/v2\/comments?post=232032"}],"version-history":[{"count":1,"href":"https:\/\/corrientesdetarde.com\/index.php\/wp-json\/wp\/v2\/posts\/232032\/revisions"}],"predecessor-version":[{"id":232034,"href":"https:\/\/corrientesdetarde.com\/index.php\/wp-json\/wp\/v2\/posts\/232032\/revisions\/232034"}],"wp:featuredmedia":[{"embeddable":true,"href":"https:\/\/corrientesdetarde.com\/index.php\/wp-json\/wp\/v2\/media\/232033"}],"wp:attachment":[{"href":"https:\/\/corrientesdetarde.com\/index.php\/wp-json\/wp\/v2\/media?parent=232032"}],"wp:term":[{"taxonomy":"category","embeddable":true,"href":"https:\/\/corrientesdetarde.com\/index.php\/wp-json\/wp\/v2\/categories?post=232032"},{"taxonomy":"post_tag","embeddable":true,"href":"https:\/\/corrientesdetarde.com\/index.php\/wp-json\/wp\/v2\/tags?post=232032"}],"curies":[{"name":"wp","href":"https:\/\/api.w.org\/{rel}","templated":true}]}}