{"id":232035,"date":"2025-10-20T00:15:27","date_gmt":"2025-10-20T03:15:27","guid":{"rendered":"https:\/\/corrientesdetarde.com\/?p=232035"},"modified":"2025-10-20T00:15:39","modified_gmt":"2025-10-20T03:15:39","slug":"mandiyu-inicia-un-nuevo-sueno-de-ascenso-en-el-regional-federal-amateur","status":"publish","type":"post","link":"https:\/\/corrientesdetarde.com\/index.php\/deportes\/mandiyu-inicia-un-nuevo-sueno-de-ascenso-en-el-regional-federal-amateur\/","title":{"rendered":"Mandiy\u00fa inicia un nuevo sue\u00f1o de ascenso en el Regional Federal Amateur"},"content":{"rendered":"\n<p>En las \u00faltimas horas sum\u00f3 a un arquero y cuatro jugadores de campo proveniente del Federal A. El presidente Albo, Jos\u00e9 Mar\u00eda Beigbeder, estuvo en el lanzamiento del certamen.<\/p>\n\n\n\n<p>Sobre el filo del plazo de presentaci\u00f3n de la lista de buena fe, Mandiy\u00fa anunci\u00f3 a cinco nuevos refuerzos, todos provenientes de clubes que estuvieron compitiendo recientemente del Regional Federal Amateur 2025\/26, en busca de quedarse con un ascenso al Federal A.<\/p>\n\n\n\n<p>A la vez, el presidente del Albo, Jos\u00e9 Mar\u00eda Beigbeder, asisti\u00f3 este viernes al mediod\u00eda al predio que la AFA posee en Ezeiza, del lanzamiento del certamen federal, que cont\u00f3 con la participaci\u00f3n de autoridades del Consejo Federal y unos 200 dirigentes de clubes de todo el pa\u00eds.<\/p>\n\n\n\n<p>Los cinco jugadores que llegaron como refuerzos del Federal A son: el arquero Milton Ferreyra (Sol de Am\u00e9rica de Formosa); el defensor Franco Dom\u00ednguez, los mediocampista Cristian Almir\u00f3n y Gonzalo Gonz\u00e1lez, y el delantero Max Pared, todos estos llegados de Sarmiento de Resistencia.<\/p>\n\n\n\n<p>Adem\u00e1s, de los mencionados, previamente se incorporaron al plantel los defensores Juan Romero Chiappe (Camb\u00e1 Cu\u00e1) y Leandro C\u00f3rdova (Central Ben\u00edtez-Chaco); el mediocampista Julio Montero (Ercheim de Mongolia), y el delantero Juan Leguizam\u00f3n (Independiente).<\/p>\n\n\n\n<p>Mandiy\u00fa, en tanto, har\u00e1 su debut en el Regional cuando este domingo visite a Defensores de San Roque por la zona 3 de la Regi\u00f3n Litoral Norte. El encuentro est\u00e1 programado a las 16:30 en el estadio Francisco Puyol de la ciudad del interior provincial.<\/p>\n\n\n\n<p>El Albo, campe\u00f3n del Torneo Provincial de Clubes y del Torneo Oficial de la Liga Correntina de F\u00fatbol (LCF) es el unico representante del f\u00fatbol capitalino en el campeonato organizado por el Consejo Federal, que tendr\u00e1 en juego cuatro plazas al pr\u00f3ximo Torneo Federal A.<\/p>\n","protected":false},"excerpt":{"rendered":"<p>En las \u00faltimas horas sum\u00f3 a un arquero y cuatro jugadores de campo proveniente del Federal A. El presidente Albo, Jos\u00e9 Mar\u00eda Beigbeder, estuvo en el lanzamiento del certamen. Sobre&hellip; <\/p>\n","protected":false},"author":4,"featured_media":232036,"comment_status":"closed","ping_status":"open","sticky":false,"template":"","format":"standard","meta":{"footnotes":""},"categories":[4],"tags":[],"class_list":["post-232035","post","type-post","status-publish","format-standard","has-post-thumbnail","hentry","category-deportes"],"_links":{"self":[{"href":"https:\/\/corrientesdetarde.com\/index.php\/wp-json\/wp\/v2\/posts\/232035","targetHints":{"allow":["GET"]}}],"collection":[{"href":"https:\/\/corrientesdetarde.com\/index.php\/wp-json\/wp\/v2\/posts"}],"about":[{"href":"https:\/\/corrientesdetarde.com\/index.php\/wp-json\/wp\/v2\/types\/post"}],"author":[{"embeddable":true,"href":"https:\/\/corrientesdetarde.com\/index.php\/wp-json\/wp\/v2\/users\/4"}],"replies":[{"embeddable":true,"href":"https:\/\/corrientesdetarde.com\/index.php\/wp-json\/wp\/v2\/comments?post=232035"}],"version-history":[{"count":1,"href":"https:\/\/corrientesdetarde.com\/index.php\/wp-json\/wp\/v2\/posts\/232035\/revisions"}],"predecessor-version":[{"id":232037,"href":"https:\/\/corrientesdetarde.com\/index.php\/wp-json\/wp\/v2\/posts\/232035\/revisions\/232037"}],"wp:featuredmedia":[{"embeddable":true,"href":"https:\/\/corrientesdetarde.com\/index.php\/wp-json\/wp\/v2\/media\/232036"}],"wp:attachment":[{"href":"https:\/\/corrientesdetarde.com\/index.php\/wp-json\/wp\/v2\/media?parent=232035"}],"wp:term":[{"taxonomy":"category","embeddable":true,"href":"https:\/\/corrientesdetarde.com\/index.php\/wp-json\/wp\/v2\/categories?post=232035"},{"taxonomy":"post_tag","embeddable":true,"href":"https:\/\/corrientesdetarde.com\/index.php\/wp-json\/wp\/v2\/tags?post=232035"}],"curies":[{"name":"wp","href":"https:\/\/api.w.org\/{rel}","templated":true}]}}