{"id":232056,"date":"2025-10-20T09:02:58","date_gmt":"2025-10-20T12:02:58","guid":{"rendered":"https:\/\/corrientesdetarde.com\/?p=232056"},"modified":"2025-10-20T09:03:10","modified_gmt":"2025-10-20T12:03:10","slug":"asesino-a-su-vecino-de-una-punalada-porque-lo-miro-mal","status":"publish","type":"post","link":"https:\/\/corrientesdetarde.com\/index.php\/policiales\/asesino-a-su-vecino-de-una-punalada-porque-lo-miro-mal\/","title":{"rendered":"Asesin\u00f3 a su vecino de una pu\u00f1alada porque &#8220;lo mir\u00f3 mal&#8221;"},"content":{"rendered":"\n<p>Los dos involucrados estuvieron bebiendo por horas, antes de enfrentarse en la vereda. La v\u00edctima muri\u00f3 camino al hospital de Saladas.<\/p>\n\n\n\n<p>Dos j\u00f3venes, de 22 y 23 a\u00f1os, fueron protagonistas de un incidente absurdo y de extrema violencia en un barrio perif\u00e9rico de la localidad de Santa Rosa, luego de que ambos, vecinos entre s\u00ed, tuvieran un ins\u00f3lito altercado tras una extensa siesta ingiriendo bebidas alcoh\u00f3licas. Al parecer, uno de ellos interpret\u00f3 desafiante la mirada del otro, y la contienda termin\u00f3 con un brutal asesinato por una pu\u00f1alada en el coraz\u00f3n, confirmaron fuentes oficiales.<\/p>\n\n\n\n<p>Fue pasadas las 17, cuando personal de la comisar\u00eda de Santa Rosa y del hospital local, fueron alertados de una feroz ri\u00f1a entre dos jovencitos, que viven uno al lado del otro en casas separadas. Los dos hab\u00edan estado bebiendo cada uno en su domicilio, m\u00fasica fuerte, y al parecer hubo un cruce de miradas entre ellos y comenzaron a desafiarse a pelear. &#8220;Los dos estaban tomados y desde hace rato mantienen una diferencia y mala convivencia. Una bronca, que nadie sabe de d\u00f3nde viene o qu\u00e9 la ocasion\u00f3&#8221;, explic\u00f3 una fuente local.<\/p>\n\n\n\n<p>Lo cierto es que Nahuel Exequiel Aguirre, de 22 a\u00f1os, y Arnaldo Barlaam Fern\u00e1ndez, de 23 a\u00f1os, comenzaron una discusi\u00f3n en medio de las calles del barrio Llamarada, ubicado en la periferia de la localidad. El drama solo llevar\u00eda a un desgraciado final.<\/p>\n\n\n\n<p>Sus familiares intentaron interceder para evitar la contienda, pero ambos estaban decididos, aunque uno de ellos fue m\u00e1s h\u00e1bil y r\u00e1pido con el cuchillo y alcanz\u00f3 a asestar un certero puntazo en el pecho al otro.<\/p>\n\n\n\n<p>Fern\u00e1ndez cay\u00f3 mortalmente herido de un puntazo sobre la vereda de su casa y ante la mirada de sus propios allegados. Su familia comenz\u00f3 a pedir ayuda, mientras que Aguirre se dio r\u00e1pidamente a la fuga del lugar, pretendiente a escapar antes que llegara la Polic\u00eda para evitar el arresto.<\/p>\n\n\n\n<p>Arnaldo fue trasladado inicialmente al hospital local, pero debido a la complejidad de su cuadro fue derivado hacia el hospital Mar\u00eda Auxiliadora de la ciudad de Saladas, donde al ingresar, los m\u00e9dicos constataron que ya estaba sin vida. El cuchillazo hab\u00eda atravesado su coraz\u00f3n y no hab\u00eda nada que pudiera salvarlo.<\/p>\n\n\n\n<p>Mientras esto suced\u00eda, personal policial local mont\u00f3 un operativo cerrojo para dar con el paradero del fugitivo, que fue detenido poco m\u00e1s de una hora m\u00e1s tarde y qued\u00f3 a disposici\u00f3n de la Justicia.<\/p>\n\n\n\n<figure class=\"wp-block-image\"><img decoding=\"async\" src=\"https:\/\/www.diarioepoca.com\/content\/bucket\/5\/1454875w380h413c.jpg.webp\" alt=\"\"\/><\/figure>\n\n\n\n<p>Afortunadamente, la Polic\u00eda tambi\u00e9n habr\u00eda confiscado el arma utilizada para el homicidio, por lo que en materia de investigaci\u00f3n el caso estaba muy claro en cuanto al causante del crimen y el objeto utilizado para cometerlo.<\/p>\n\n\n\n<p>El jefe de la Unidad Fiscal de Investigaciones Concretas de Santa Rosa, Daniel Lezcano, lleva a cabo las instrucci\u00f3n de la causa y se espera que para este mi\u00e9rcoles presente la imputaci\u00f3n en contra de Aguirre, ante la jueza de Garant\u00edas, Elsa Leonor Derkach, y la acusaci\u00f3n formal ser\u00eda por &#8220;homicidio simple&#8221;.<\/p>\n\n\n\n<p>Adem\u00e1s, en otra audiencia de coerci\u00f3n, el fiscal tambi\u00e9n podr\u00eda solicitar la prisi\u00f3n preventiva hasta el d\u00eda del juicio en contra del acusado, quien qued\u00f3 detenido.<\/p>\n\n\n\n<p>Fuentes policiales y judiciales confirmaron, que el cad\u00e1ver de la v\u00edctima fue trasladado hasta el Instituto M\u00e9dico Forense de la capital correntina, donde se le practic\u00f3 la correspondiente autopsia ordenada por la Justicia.<\/p>\n","protected":false},"excerpt":{"rendered":"<p>Los dos involucrados estuvieron bebiendo por horas, antes de enfrentarse en la vereda. La v\u00edctima muri\u00f3 camino al hospital de Saladas. Dos j\u00f3venes, de 22 y 23 a\u00f1os, fueron protagonistas&hellip; <\/p>\n","protected":false},"author":4,"featured_media":232057,"comment_status":"closed","ping_status":"open","sticky":false,"template":"","format":"standard","meta":{"footnotes":""},"categories":[33],"tags":[],"class_list":["post-232056","post","type-post","status-publish","format-standard","has-post-thumbnail","hentry","category-policiales"],"_links":{"self":[{"href":"https:\/\/corrientesdetarde.com\/index.php\/wp-json\/wp\/v2\/posts\/232056","targetHints":{"allow":["GET"]}}],"collection":[{"href":"https:\/\/corrientesdetarde.com\/index.php\/wp-json\/wp\/v2\/posts"}],"about":[{"href":"https:\/\/corrientesdetarde.com\/index.php\/wp-json\/wp\/v2\/types\/post"}],"author":[{"embeddable":true,"href":"https:\/\/corrientesdetarde.com\/index.php\/wp-json\/wp\/v2\/users\/4"}],"replies":[{"embeddable":true,"href":"https:\/\/corrientesdetarde.com\/index.php\/wp-json\/wp\/v2\/comments?post=232056"}],"version-history":[{"count":1,"href":"https:\/\/corrientesdetarde.com\/index.php\/wp-json\/wp\/v2\/posts\/232056\/revisions"}],"predecessor-version":[{"id":232059,"href":"https:\/\/corrientesdetarde.com\/index.php\/wp-json\/wp\/v2\/posts\/232056\/revisions\/232059"}],"wp:featuredmedia":[{"embeddable":true,"href":"https:\/\/corrientesdetarde.com\/index.php\/wp-json\/wp\/v2\/media\/232057"}],"wp:attachment":[{"href":"https:\/\/corrientesdetarde.com\/index.php\/wp-json\/wp\/v2\/media?parent=232056"}],"wp:term":[{"taxonomy":"category","embeddable":true,"href":"https:\/\/corrientesdetarde.com\/index.php\/wp-json\/wp\/v2\/categories?post=232056"},{"taxonomy":"post_tag","embeddable":true,"href":"https:\/\/corrientesdetarde.com\/index.php\/wp-json\/wp\/v2\/tags?post=232056"}],"curies":[{"name":"wp","href":"https:\/\/api.w.org\/{rel}","templated":true}]}}