{"id":232081,"date":"2025-10-20T10:32:02","date_gmt":"2025-10-20T13:32:02","guid":{"rendered":"https:\/\/corrientesdetarde.com\/?p=232081"},"modified":"2025-10-20T10:32:33","modified_gmt":"2025-10-20T13:32:33","slug":"para-rodrigo-paz-llego-la-hora-de-aplicar-su-capitalismo-para-todos","status":"publish","type":"post","link":"https:\/\/corrientesdetarde.com\/index.php\/internacionales\/para-rodrigo-paz-llego-la-hora-de-aplicar-su-capitalismo-para-todos\/","title":{"rendered":"Para Rodrigo Paz, lleg\u00f3 la hora de aplicar su \u201ccapitalismo para todos\u201d"},"content":{"rendered":"\n<h2 class=\"wp-block-heading\">Lo explica como una interpretaci\u00f3n de necesidades sobre las organizaciones de la sociedad boliviana.<\/h2>\n\n\n\n<p>El ganador del balotaje en Bolivia,\u00a0Rodrigo Paz Pereira, del Partido Dem\u00f3crata Cristiano (PDC), se ver\u00e1 a partir de su asunci\u00f3n como nuevo presidente del Estado Plurinacional, ante el desaf\u00edo de poner en pr\u00e1ctica su promesa de\u00a0<em><strong>\u201ccapitalismo para todos\u201d.<\/strong><\/em><\/p>\n\n\n\n<p>Ese fue su lema de campa\u00f1a, que resume la apuesta de un proyecto liberal moderado en procura de reconfigurar el tablero pol\u00edtico de&nbsp;<strong>Bolivia<\/strong>, tras dos d\u00e9cadas de polarizaci\u00f3n entre la izquierda del a\u00fan gobernante oficialista Movimiento Al Socialismo (MAS) y la derecha opositora, plantea un art\u00edculo de la agencia de noticias Xinhua.<\/p>\n\n\n\n<p><em><strong>\u201cPara entender la nueva realidad, el&nbsp;`Capitalismo para Todos` fue una interpretaci\u00f3n de necesidades sobre las organizaciones de la sociedad boliviana, la econom\u00eda, la vinculaci\u00f3n con este Estado que tranca todo y que no permite ser viables en nuestro pa\u00eds\u201d,&nbsp;<\/strong><\/em>explic\u00f3 recientemente Paz en una entrevista a Newsweek Argentina.<\/p>\n\n\n\n<p>El programa econ\u00f3mico de&nbsp;<strong>Paz Pereira&nbsp;<\/strong>se articula en torno al crecimiento con equidad, descentralizaci\u00f3n productiva y reforma judicial, adem\u00e1s de proponer el modelo \u201c50\/50\u201d de distribuci\u00f3n fiscal entre el Gobierno central y las regiones, as\u00ed como la digitalizaci\u00f3n del Estado y una reforma constitucional que elimine la reelecci\u00f3n presidencial.<\/p>\n\n\n\n<p>En cuanto a lo social,<strong>&nbsp;defiende la autonom\u00eda de los pueblos ind\u00edgenas dentro de un marco republicano, adem\u00e1s de buscar fortalecer la educaci\u00f3n t\u00e9cnica, as\u00ed como la transici\u00f3n energ\u00e9tica.<\/strong><\/p>\n\n\n\n<p>Cuando Newsweek Argentina le pregunt\u00f3 a Paz \u201c<em><strong>d\u00f3nde se ubica ideol\u00f3gicamente\u201d, el ganador del balotaje respondi\u00f3:<\/strong>&nbsp;\u201cDonde me ubic\u00f3 el pueblo boliviano. `Capitalismo para todos` significa una econom\u00eda que sea en beneficio de las grandes mayor\u00edas, con la centralidad del capital como un eje de desarrollo para lo que quieren las familias. La familia quiere un techo, quiere comer, quiere salud, quiere educaci\u00f3n, quiere que le faciliten la vida\u201d.<\/em><\/p>\n\n\n\n<p><em><strong>\u201cEl 15% de la econom\u00eda nacional es formal y el 85% es informal. Hay un problema: En Bolivia, hace unos meses atr\u00e1s ten\u00edamos cerca de 10 mil millones de pesos bolivianos en lo que llaman el `colch\u00f3n bank` (bajo en colch\u00f3n\u201d); hoy d\u00eda estamos hablando de cerca de 9.500 millones. O sea, est\u00e1n empezando a solventar con sus ahorros, sacando sus d\u00f3lares del colch\u00f3n para paliar la crisis\u201d,<\/strong><\/em>&nbsp;defini\u00f3.<\/p>\n\n\n\n<p><strong>Economista, exalcalde y actual senador por el departamento de Tarija (sur), Rodrigo Paz , de 58 a\u00f1os, naci\u00f3 en Espa\u00f1a<\/strong>&nbsp;en 1967 y es hijo del expresidente boliviano, Jaime Paz Zamora (1989-1993), y de la exsenadora Carmen Pereira.<\/p>\n\n\n\n<p>La historia de la familia<em><strong>&nbsp;Paz<\/strong><\/em>&nbsp;est\u00e1 marcada por la pol\u00edtica, el exilio y la guerrilla, ya que su t\u00edo abuelo, V\u00edctor Paz Estenssoro, fue cuatro veces presidente de Bolivia (1952-1956, 1960-1964, agosto a noviembre 1964 y 1985-1989), adem\u00e1s de ser art\u00edfice del voto universal y la reforma agraria.<\/p>\n\n\n\n<p>A su vez, su t\u00edo&nbsp;<strong>N\u00e9stor Paz Zamora<\/strong>&nbsp;se incorpor\u00f3 a la guerrilla comunista armada del Ej\u00e9rcito de Liberaci\u00f3n Nacional dirigida, entre otros, por Ernesto \u201cChe\u201d Guevara e \u201cInti\u201d Peredo, y muri\u00f3 de inanici\u00f3n tras la llamada batalla de Teoponte en 1970.<\/p>\n\n\n\n<p><strong>Jaime Paz Zamora,<\/strong>&nbsp;padre del actual candidato, adem\u00e1s de presidente de Bolivia, fue uno de los l\u00edderes socialdem\u00f3cratas m\u00e1s influyentes de la transici\u00f3n democr\u00e1tica.<\/p>\n\n\n\n<p><strong>Rodrigo Paz&nbsp;<\/strong>es consciente de su herencia familiar, aunque tambi\u00e9n parece querer emanciparse de la sombra de sus antepasados.<\/p>\n\n\n\n<p><em><strong>\u201cNo tengo por qu\u00e9 definirme (pol\u00edticamente), sino ofrecer al pa\u00eds una alternativa de renovaci\u00f3n con la propuesta \u2018capitalismo para todos\u2019\u201d,&nbsp;<\/strong><\/em>declar\u00f3 el candidato, ante la disyuntiva de considerar de izquierda o de derecha.<\/p>\n\n\n\n<p>Su&nbsp;<strong>ascenso pol\u00edtico<\/strong>&nbsp;comenz\u00f3 en 2015, cuando conquist\u00f3 la alcald\u00eda de Tarija al derrotar al candidato del MAS, entonces bajo el liderazgo del expresidente Evo Morales (2006-2019).<\/p>\n\n\n\n<p>Desde ese basti\u00f3n sure\u00f1o construy\u00f3 una imagen de gestor t\u00e9cnico y dialogante, cr\u00edtico del centralismo del<strong>&nbsp;MAS<\/strong>&nbsp;y de la ret\u00f3rica de confrontaci\u00f3n de la derecha tradicional, adem\u00e1s de dar un salto en 2020 al Senado, desde donde fortaleci\u00f3 su discurso de renovaci\u00f3n institucional y eficiencia econ\u00f3mica.<\/p>\n\n\n\n<p>En sus apariciones p\u00fablicas<strong>, las cejas pobladas y el cabello oscuro evocan el recuerdo de su padre, pero su discurso marca distancia del viejo progresismo, ya que reivindica la econom\u00eda de mercado, la inversi\u00f3n privada y la formalizaci\u00f3n del trabajo.<\/strong><\/p>\n\n\n\n<p><strong>La s\u00edntesis de sus propuestas se engloban en el lema&nbsp;<\/strong><em><strong>\u201ccapitalismo para todos\u201d,<\/strong><\/em>&nbsp;una f\u00f3rmula que combina incentivos fiscales para peque\u00f1as y medianas empresas, reducci\u00f3n de aranceles y una descentralizaci\u00f3n que busca devolver poder a las regiones.<\/p>\n\n\n\n<p>En ese sentido,<strong>&nbsp;Paz Pereira<\/strong>&nbsp;rechaza acudir al Fondo Monetario Internacional (FMI) y promete \u201cgobernar sin reelecci\u00f3n presidencial\u201d, una promesa poco frecuente en la pol\u00edtica boliviana.<\/p>\n\n\n\n<p><em><strong>\u201cSoy contrario a cualquier cr\u00e9dito del Fondo Monetario Internacional. En Bolivia, la plata alcanza para reactivar nuestra econom\u00eda\u201d,<\/strong><\/em>&nbsp;declar\u00f3 Paz Pereira, previo a la primera vuelta presidencial de agosto pasado.<\/p>\n\n\n\n<p><strong>Paz Pereira<\/strong>&nbsp;supo capitalizar el cansancio de un electorado atrapado entre dos polos: el nacionalismo estatista del MAS y el liberalismo conservador del expresidente Jorge \u201cTuto\u201d Quiroga, su actual rival para la segunda vuelta presidencial.<\/p>\n\n\n\n<p>Sin la postulaci\u00f3n de<strong>&nbsp;Morales,&nbsp;<\/strong>hist\u00f3rico l\u00edder ind\u00edgena del MAS, la candidatura del PDC logr\u00f3 atraer a los votantes moderados, urbanos, desencantados del oficialismo, as\u00ed como a los indecisos que buscan una alternativa pragm\u00e1tica.<\/p>\n\n\n\n<p><em><strong>\u201cRepresento a quienes quieren un cambio sin odio, con resultados y unidad\u201d,<\/strong><\/em>&nbsp;suele repetir Paz Pereira en sus actos p\u00fablicos.<\/p>\n\n\n\n<p><strong>Rodrigo Paz Pereira<\/strong>&nbsp;se considera \u201cun liberal con sensibilidad social\u201d, un pol\u00edtico que no grita ni polariza, pero que habla de reformas profundas, y su irrupci\u00f3n gener\u00f3 una grieta en la estructura pol\u00edtica de los \u00faltimos 20 a\u00f1os en Bolivia. En cuanto a su diagn\u00f3stico de los 20 a\u00f1os de \u201cmasismo\u201d, Paz Pereira critic\u00f3 \u201cla irresponsabilidad\u201d de esos gobiernos.<\/p>\n\n\n\n<p>Apunt\u00f3 contra<em><strong>&nbsp;\u201cel despilfarro de 60.000 millones de d\u00f3lares del gas, con mercados tan potentes como la Argentina y Brasil\u201d.<\/strong><\/em><\/p>\n\n\n\n<p><em><strong>\u201cNos han dejado una deuda interna y externa de 40.000 millones de d\u00f3lares. Y en los \u00faltimos cinco a\u00f1os el gobierno, el gobierno ha despilfarrado 15.000 millones de d\u00f3lares de las reservas internacionales, m\u00e1s el oro\u201d,&nbsp;<\/strong><\/em>critic\u00f3.<\/p>\n\n\n\n<p>Paz Pereira redonde\u00f3 as\u00ed:&nbsp;<em><strong>\u201cEntonces, es un momento claro que el pa\u00eds entiende el mal manejo de la econom\u00eda, pero tambi\u00e9n a su vez entiende que la estabilidad econ\u00f3mica es un bien p\u00fablico. Si no fuera por la madurez del pueblo boliviano, ya estar\u00edamos realmente en un momento muy complejo. Pero tampoco hay mucho margen para generar un cambio de 180 grados\u201d.<\/strong><\/em><\/p>\n","protected":false},"excerpt":{"rendered":"<p>Lo explica como una interpretaci\u00f3n de necesidades sobre las organizaciones de la sociedad boliviana. El ganador del balotaje en Bolivia,\u00a0Rodrigo Paz Pereira, del Partido Dem\u00f3crata Cristiano (PDC), se ver\u00e1 a&hellip; <\/p>\n","protected":false},"author":4,"featured_media":232082,"comment_status":"closed","ping_status":"open","sticky":false,"template":"","format":"standard","meta":{"footnotes":""},"categories":[11],"tags":[],"class_list":["post-232081","post","type-post","status-publish","format-standard","has-post-thumbnail","hentry","category-internacionales"],"_links":{"self":[{"href":"https:\/\/corrientesdetarde.com\/index.php\/wp-json\/wp\/v2\/posts\/232081","targetHints":{"allow":["GET"]}}],"collection":[{"href":"https:\/\/corrientesdetarde.com\/index.php\/wp-json\/wp\/v2\/posts"}],"about":[{"href":"https:\/\/corrientesdetarde.com\/index.php\/wp-json\/wp\/v2\/types\/post"}],"author":[{"embeddable":true,"href":"https:\/\/corrientesdetarde.com\/index.php\/wp-json\/wp\/v2\/users\/4"}],"replies":[{"embeddable":true,"href":"https:\/\/corrientesdetarde.com\/index.php\/wp-json\/wp\/v2\/comments?post=232081"}],"version-history":[{"count":1,"href":"https:\/\/corrientesdetarde.com\/index.php\/wp-json\/wp\/v2\/posts\/232081\/revisions"}],"predecessor-version":[{"id":232083,"href":"https:\/\/corrientesdetarde.com\/index.php\/wp-json\/wp\/v2\/posts\/232081\/revisions\/232083"}],"wp:featuredmedia":[{"embeddable":true,"href":"https:\/\/corrientesdetarde.com\/index.php\/wp-json\/wp\/v2\/media\/232082"}],"wp:attachment":[{"href":"https:\/\/corrientesdetarde.com\/index.php\/wp-json\/wp\/v2\/media?parent=232081"}],"wp:term":[{"taxonomy":"category","embeddable":true,"href":"https:\/\/corrientesdetarde.com\/index.php\/wp-json\/wp\/v2\/categories?post=232081"},{"taxonomy":"post_tag","embeddable":true,"href":"https:\/\/corrientesdetarde.com\/index.php\/wp-json\/wp\/v2\/tags?post=232081"}],"curies":[{"name":"wp","href":"https:\/\/api.w.org\/{rel}","templated":true}]}}