{"id":232087,"date":"2025-10-20T10:43:52","date_gmt":"2025-10-20T13:43:52","guid":{"rendered":"https:\/\/corrientesdetarde.com\/?p=232087"},"modified":"2025-10-20T10:43:58","modified_gmt":"2025-10-20T13:43:58","slug":"choque-entre-auto-y-moto-recibio-un-fuerte-golpe-en-su-cabeza","status":"publish","type":"post","link":"https:\/\/corrientesdetarde.com\/index.php\/policiales\/choque-entre-auto-y-moto-recibio-un-fuerte-golpe-en-su-cabeza\/","title":{"rendered":"Choque entre auto y moto: recibi\u00f3 un fuerte golpe en su cabeza"},"content":{"rendered":"\n<p>Un joven result\u00f3 herido tras un choque en una esquina c\u00e9ntrica. Fue asistido por personal m\u00e9dico y trasladado al hospital mercede\u00f1o.<\/p>\n\n\n\n<p>Cerca de las 20.10 de este domingo 19, un autom\u00f3vil Renault y una motocicleta colisionaron en el cruce de Sarmiento y Espa\u00f1a, en la ciudad de Mercedes. El conductor de la moto, un hombre joven, sufri\u00f3 una herida en una de las piernas y un fuerte golpe en la cabeza. Tras el impacto, qued\u00f3 tendido casi sobre la vereda de un comercio.<\/p>\n\n\n\n<figure class=\"wp-block-image\"><img decoding=\"async\" src=\"https:\/\/www.diarioepoca.com\/content\/bucket\/7\/1454907w304h232c.jpg.webp\" alt=\"\"\/><\/figure>\n\n\n\n<p>Al lugar acudieron unidades del servicio de emergencias 107, efectivos de la comisar\u00eda primera y personal de bomberos, quienes asistieron al herido y ordenaron el tr\u00e1nsito mientras se realizaban las primeras actuaciones.<\/p>\n","protected":false},"excerpt":{"rendered":"<p>Un joven result\u00f3 herido tras un choque en una esquina c\u00e9ntrica. Fue asistido por personal m\u00e9dico y trasladado al hospital mercede\u00f1o. Cerca de las 20.10 de este domingo 19, un&hellip; <\/p>\n","protected":false},"author":4,"featured_media":232088,"comment_status":"closed","ping_status":"open","sticky":false,"template":"","format":"standard","meta":{"footnotes":""},"categories":[33],"tags":[],"class_list":["post-232087","post","type-post","status-publish","format-standard","has-post-thumbnail","hentry","category-policiales"],"_links":{"self":[{"href":"https:\/\/corrientesdetarde.com\/index.php\/wp-json\/wp\/v2\/posts\/232087","targetHints":{"allow":["GET"]}}],"collection":[{"href":"https:\/\/corrientesdetarde.com\/index.php\/wp-json\/wp\/v2\/posts"}],"about":[{"href":"https:\/\/corrientesdetarde.com\/index.php\/wp-json\/wp\/v2\/types\/post"}],"author":[{"embeddable":true,"href":"https:\/\/corrientesdetarde.com\/index.php\/wp-json\/wp\/v2\/users\/4"}],"replies":[{"embeddable":true,"href":"https:\/\/corrientesdetarde.com\/index.php\/wp-json\/wp\/v2\/comments?post=232087"}],"version-history":[{"count":1,"href":"https:\/\/corrientesdetarde.com\/index.php\/wp-json\/wp\/v2\/posts\/232087\/revisions"}],"predecessor-version":[{"id":232089,"href":"https:\/\/corrientesdetarde.com\/index.php\/wp-json\/wp\/v2\/posts\/232087\/revisions\/232089"}],"wp:featuredmedia":[{"embeddable":true,"href":"https:\/\/corrientesdetarde.com\/index.php\/wp-json\/wp\/v2\/media\/232088"}],"wp:attachment":[{"href":"https:\/\/corrientesdetarde.com\/index.php\/wp-json\/wp\/v2\/media?parent=232087"}],"wp:term":[{"taxonomy":"category","embeddable":true,"href":"https:\/\/corrientesdetarde.com\/index.php\/wp-json\/wp\/v2\/categories?post=232087"},{"taxonomy":"post_tag","embeddable":true,"href":"https:\/\/corrientesdetarde.com\/index.php\/wp-json\/wp\/v2\/tags?post=232087"}],"curies":[{"name":"wp","href":"https:\/\/api.w.org\/{rel}","templated":true}]}}