{"id":232092,"date":"2025-10-20T11:00:02","date_gmt":"2025-10-20T14:00:02","guid":{"rendered":"https:\/\/corrientesdetarde.com\/?p=232092"},"modified":"2025-10-20T11:00:14","modified_gmt":"2025-10-20T14:00:14","slug":"condenaron-a-un-policia-por-violencia-de-genero-cuatro-anos-y-medio-de-prision-efectiva","status":"publish","type":"post","link":"https:\/\/corrientesdetarde.com\/index.php\/policiales\/condenaron-a-un-policia-por-violencia-de-genero-cuatro-anos-y-medio-de-prision-efectiva\/","title":{"rendered":"Condenaron a un polic\u00eda por violencia de g\u00e9nero: cuatro a\u00f1os y medio de prisi\u00f3n efectiva"},"content":{"rendered":"\n<p>El Juez de Juicio Unipersonal de la Cuarta Circunscripci\u00f3n Judicial de Corrientes, doctor Marcelo Ram\u00f3n Fleitas, encontr\u00f3 culpable a un ex efectivo policial por ejercer violencia f\u00edsica contra su expareja y retomar la convivencia pese a una restricci\u00f3n dictada por el Juzgado de Familia.<\/p>\n\n\n\n<p>El Tribunal de Paso de los Libres, a cargo del juez Marcelo Ram\u00f3n Fleitas, dict\u00f3 sentencia condenatoria contra un ex efectivo de la Polic\u00eda de Corrientes, por hechos de violencia de g\u00e9nero cometidos contra su expareja.<\/p>\n\n\n\n<p>La resoluci\u00f3n fue dictada el 16 de octubre de 2025, en la ciudad de Paso de los Libres, y dispuso una pena de cuatro a\u00f1os y seis meses de prisi\u00f3n de cumplimiento efectivo, adem\u00e1s de comunicar la decisi\u00f3n al Ministerio de Seguridad provincial y al Registro de Condenados por Delitos de Violencia de G\u00e9nero.<\/p>\n\n\n\n<p><strong>El hecho<\/strong><\/p>\n\n\n\n<p>De acuerdo con lo probado en el debate, el primer hecho ocurri\u00f3 el 3 de septiembre de 2022 en el domicilio familiar de la v\u00edctima, ubicado en el barrio 255 Viviendas de Paso de los Libres.<\/p>\n\n\n\n<p>Esa madrugada, el hombre agredi\u00f3 f\u00edsicamente a su concubina, a quien tom\u00f3 del cuello, la arroj\u00f3 al suelo y le caus\u00f3 una fractura costal y un traumatismo renal, lesiones calificadas como graves.<\/p>\n\n\n\n<p>El segundo hecho tuvo lugar entre enero y agosto de 2023, cuando el acusado retom\u00f3 la convivencia con su expareja, desobedeciendo una orden judicial de restricci\u00f3n de acercamiento dictada por el Juzgado de Familia a cargo de la doctora Marta Legarreta.<\/p>\n\n\n\n<p>Los delitos fueron calificados como lesiones graves doblemente agravadas por el v\u00ednculo y por mediar violencia de g\u00e9nero, y desobediencia judicial en contexto de violencia de g\u00e9nero, en concurso real.<\/p>\n\n\n\n<p><strong>Argumentos del juez<\/strong><\/p>\n\n\n\n<p>En el fallo, el magistrado Marcelo Ram\u00f3n Fleitas fundament\u00f3 su decisi\u00f3n destacando la obligaci\u00f3n de juzgar los hechos con enfoque de g\u00e9nero y cit\u00f3 precedentes del Superior Tribunal de Justicia.<\/p>\n\n\n\n<p>&#8220;Por la naturaleza de los delitos y la modalidad de los hechos, debo analizarlos con perspectiva de g\u00e9nero. Se observa violencia de g\u00e9nero y el ciclo de la misma como se explicara en el memorial de la sentencia&#8221;, sostuvo.<\/p>\n\n\n\n<p>El juez remarc\u00f3 que este tipo de an\u00e1lisis es necesario para &#8220;comprender la real dimensi\u00f3n del flagelo que importa el fen\u00f3meno de la violencia construida en un derrotero de subordinaci\u00f3n hacia la mujer&#8221;, citando adem\u00e1s la Convenci\u00f3n de Belem do Par\u00e1 y la Ley 26.485 de Protecci\u00f3n Integral a las Mujeres.<\/p>\n\n\n\n<p>Durante los fundamentos de la pena, el Tribunal valor\u00f3 la gravedad de los hechos, el da\u00f1o f\u00edsico y psicol\u00f3gico sufrido por la v\u00edctima, y el aprovechamiento de la fuerza f\u00edsica y conocimientos t\u00e9cnicos propios de la funci\u00f3n policial para ejercer violencia. Tambi\u00e9n destac\u00f3 la persistencia de la conducta pese a existir una orden judicial de restricci\u00f3n.<\/p>\n","protected":false},"excerpt":{"rendered":"<p>El Juez de Juicio Unipersonal de la Cuarta Circunscripci\u00f3n Judicial de Corrientes, doctor Marcelo Ram\u00f3n Fleitas, encontr\u00f3 culpable a un ex efectivo policial por ejercer violencia f\u00edsica contra su expareja&hellip; <\/p>\n","protected":false},"author":4,"featured_media":232093,"comment_status":"closed","ping_status":"open","sticky":false,"template":"","format":"standard","meta":{"footnotes":""},"categories":[33],"tags":[],"class_list":["post-232092","post","type-post","status-publish","format-standard","has-post-thumbnail","hentry","category-policiales"],"_links":{"self":[{"href":"https:\/\/corrientesdetarde.com\/index.php\/wp-json\/wp\/v2\/posts\/232092","targetHints":{"allow":["GET"]}}],"collection":[{"href":"https:\/\/corrientesdetarde.com\/index.php\/wp-json\/wp\/v2\/posts"}],"about":[{"href":"https:\/\/corrientesdetarde.com\/index.php\/wp-json\/wp\/v2\/types\/post"}],"author":[{"embeddable":true,"href":"https:\/\/corrientesdetarde.com\/index.php\/wp-json\/wp\/v2\/users\/4"}],"replies":[{"embeddable":true,"href":"https:\/\/corrientesdetarde.com\/index.php\/wp-json\/wp\/v2\/comments?post=232092"}],"version-history":[{"count":1,"href":"https:\/\/corrientesdetarde.com\/index.php\/wp-json\/wp\/v2\/posts\/232092\/revisions"}],"predecessor-version":[{"id":232094,"href":"https:\/\/corrientesdetarde.com\/index.php\/wp-json\/wp\/v2\/posts\/232092\/revisions\/232094"}],"wp:featuredmedia":[{"embeddable":true,"href":"https:\/\/corrientesdetarde.com\/index.php\/wp-json\/wp\/v2\/media\/232093"}],"wp:attachment":[{"href":"https:\/\/corrientesdetarde.com\/index.php\/wp-json\/wp\/v2\/media?parent=232092"}],"wp:term":[{"taxonomy":"category","embeddable":true,"href":"https:\/\/corrientesdetarde.com\/index.php\/wp-json\/wp\/v2\/categories?post=232092"},{"taxonomy":"post_tag","embeddable":true,"href":"https:\/\/corrientesdetarde.com\/index.php\/wp-json\/wp\/v2\/tags?post=232092"}],"curies":[{"name":"wp","href":"https:\/\/api.w.org\/{rel}","templated":true}]}}