{"id":232096,"date":"2025-10-20T11:39:59","date_gmt":"2025-10-20T14:39:59","guid":{"rendered":"https:\/\/corrientesdetarde.com\/?p=232096"},"modified":"2025-10-20T11:46:48","modified_gmt":"2025-10-20T14:46:48","slug":"tension-en-alpine-franco-colapinto-desobedece-ordenes-y-el-equipo-responde-tras-el-gp-de-estados-unidos","status":"publish","type":"post","link":"https:\/\/corrientesdetarde.com\/index.php\/deportes\/tension-en-alpine-franco-colapinto-desobedece-ordenes-y-el-equipo-responde-tras-el-gp-de-estados-unidos\/","title":{"rendered":"Tensi\u00f3n en Alpine: Franco Colapinto desobedece \u00f3rdenes y el equipo responde tras el GP de Estados Unidos"},"content":{"rendered":"\n<h2 class=\"wp-block-heading\">El equipo se pronuncia tras el adelantamiento de Colapinto a Pierre Gasly y reconoce tensiones internas.<\/h2>\n\n\n\n<p>La cuenta oficial de la escuder\u00eda\u00a0<strong>Alpine<\/strong>\u00a0subi\u00f3 una publicaci\u00f3n sobre el adelantamiento de\u00a0<strong>Franco Colapinto<\/strong>\u00a0a\u00a0<strong>Pierre Gasly<\/strong>\u00a0en el medio de la carrera por el Gran Premio de Estados Unidos.<\/p>\n\n\n\n<p>En el arranque del escrito, el equipo de la F1 manifest\u00f3: \u201choy, como muchos equipos, tuvimos que adaptar nuestra estrategia en funci\u00f3n de las condiciones y de lo que vimos en pista, ya que el neum\u00e1tico duro no parec\u00eda ser el m\u00e1s adecuado para la carrera\u201d.<\/p>\n\n\n\n<p>La escuder\u00eda explic\u00f3 que le dieron instrucciones a sus dos competidores para que mantuvieran la posici\u00f3n. Una frase que pone en apuros a Colapinto, quien desobedeci\u00f3 las indicaciones del equipo t\u00e9cnico de Alpine.<\/p>\n\n\n\n<p><em><mark>\u201cComo equipo, cualquier instrucci\u00f3n del muro de boxes es definitiva y hoy estamos decepcionados de que esto no se haya cumplido, as\u00ed que es algo que revisaremos y abordaremos internamente\u201d<\/mark><\/em>, cerr\u00f3 la primera imagen de su publicaci\u00f3n.<\/p>\n\n\n\n<figure class=\"wp-block-image size-full\"><img loading=\"lazy\" decoding=\"async\" width=\"622\" height=\"377\" src=\"https:\/\/corrientesdetarde.com\/wp-content\/uploads\/2025\/10\/image-651.png\" alt=\"\" class=\"wp-image-232097\" srcset=\"https:\/\/corrientesdetarde.com\/wp-content\/uploads\/2025\/10\/image-651.png 622w, https:\/\/corrientesdetarde.com\/wp-content\/uploads\/2025\/10\/image-651-300x182.png 300w\" sizes=\"auto, (max-width: 622px) 100vw, 622px\" \/><\/figure>\n\n\n\n<p>Por otra parte, en el posteo de Instagram, la escuder\u00eda de la primera categor\u00eda de monoplazas destac\u00f3 una frase de Franco Colapinto: \u201ces algo que discutiremos como equipo y del que aprenderemos en el futuro\u201d.<\/p>\n\n\n\n<figure class=\"wp-block-image size-full\"><img loading=\"lazy\" decoding=\"async\" width=\"619\" height=\"374\" src=\"https:\/\/corrientesdetarde.com\/wp-content\/uploads\/2025\/10\/image-652.png\" alt=\"\" class=\"wp-image-232098\" srcset=\"https:\/\/corrientesdetarde.com\/wp-content\/uploads\/2025\/10\/image-652.png 619w, https:\/\/corrientesdetarde.com\/wp-content\/uploads\/2025\/10\/image-652-300x181.png 300w\" sizes=\"auto, (max-width: 619px) 100vw, 619px\" \/><\/figure>\n\n\n\n<p>En la \u00faltima imagen de la publicaci\u00f3n, Alpine resalt\u00f3 una frase de Pierre Gasly: \u201ctenemos muchas cosas que revisar como equipo, ya que nos ha costado mucho ser competitivos los domingos\u201d.<\/p>\n\n\n\n<figure class=\"wp-block-image size-full\"><img loading=\"lazy\" decoding=\"async\" width=\"615\" height=\"374\" src=\"https:\/\/corrientesdetarde.com\/wp-content\/uploads\/2025\/10\/image-653.png\" alt=\"\" class=\"wp-image-232099\" srcset=\"https:\/\/corrientesdetarde.com\/wp-content\/uploads\/2025\/10\/image-653.png 615w, https:\/\/corrientesdetarde.com\/wp-content\/uploads\/2025\/10\/image-653-300x182.png 300w\" sizes=\"auto, (max-width: 615px) 100vw, 615px\" \/><\/figure>\n\n\n\n<p>Con esta especie de comunicado, Alpine intent\u00f3 dar por cerrado el conflicto y transmitir una imagen de unidad puertas afuera, aunque el episodio dej\u00f3 en evidencia ciertas tensiones internas entre los pilotos y el muro de boxes.<\/p>\n\n\n\n<p>M\u00e1s all\u00e1 de la pol\u00e9mica, el caso refleja la presi\u00f3n que atraviesa el equipo franc\u00e9s en una temporada irregular, donde las decisiones estrat\u00e9gicas y la convivencia entre sus corredores comienzan a jugar un papel tan determinante como el rendimiento en pista.&nbsp;<\/p>\n\n\n\n<p>Colapinto, por su parte, atraviesa un proceso de consolidaci\u00f3n en la m\u00e1xima categor\u00eda y busca afianzar su lugar dentro de un equipo que todav\u00eda no logra estabilizar su rendimiento. En tanto, los pr\u00f3ximos compromisos ser\u00e1n clave para observar si Alpine logra recuperar la armon\u00eda interna y encontrar el rumbo deportivo que le permita volver a pelear por puntos con regularidad en la F\u00f3rmula 1.<\/p>\n","protected":false},"excerpt":{"rendered":"<p>El equipo se pronuncia tras el adelantamiento de Colapinto a Pierre Gasly y reconoce tensiones internas. La cuenta oficial de la escuder\u00eda\u00a0Alpine\u00a0subi\u00f3 una publicaci\u00f3n sobre el adelantamiento de\u00a0Franco Colapinto\u00a0a\u00a0Pierre Gasly\u00a0en&hellip; <\/p>\n","protected":false},"author":4,"featured_media":232100,"comment_status":"closed","ping_status":"open","sticky":false,"template":"","format":"standard","meta":{"footnotes":""},"categories":[4],"tags":[],"class_list":["post-232096","post","type-post","status-publish","format-standard","has-post-thumbnail","hentry","category-deportes"],"_links":{"self":[{"href":"https:\/\/corrientesdetarde.com\/index.php\/wp-json\/wp\/v2\/posts\/232096","targetHints":{"allow":["GET"]}}],"collection":[{"href":"https:\/\/corrientesdetarde.com\/index.php\/wp-json\/wp\/v2\/posts"}],"about":[{"href":"https:\/\/corrientesdetarde.com\/index.php\/wp-json\/wp\/v2\/types\/post"}],"author":[{"embeddable":true,"href":"https:\/\/corrientesdetarde.com\/index.php\/wp-json\/wp\/v2\/users\/4"}],"replies":[{"embeddable":true,"href":"https:\/\/corrientesdetarde.com\/index.php\/wp-json\/wp\/v2\/comments?post=232096"}],"version-history":[{"count":2,"href":"https:\/\/corrientesdetarde.com\/index.php\/wp-json\/wp\/v2\/posts\/232096\/revisions"}],"predecessor-version":[{"id":232103,"href":"https:\/\/corrientesdetarde.com\/index.php\/wp-json\/wp\/v2\/posts\/232096\/revisions\/232103"}],"wp:featuredmedia":[{"embeddable":true,"href":"https:\/\/corrientesdetarde.com\/index.php\/wp-json\/wp\/v2\/media\/232100"}],"wp:attachment":[{"href":"https:\/\/corrientesdetarde.com\/index.php\/wp-json\/wp\/v2\/media?parent=232096"}],"wp:term":[{"taxonomy":"category","embeddable":true,"href":"https:\/\/corrientesdetarde.com\/index.php\/wp-json\/wp\/v2\/categories?post=232096"},{"taxonomy":"post_tag","embeddable":true,"href":"https:\/\/corrientesdetarde.com\/index.php\/wp-json\/wp\/v2\/tags?post=232096"}],"curies":[{"name":"wp","href":"https:\/\/api.w.org\/{rel}","templated":true}]}}