{"id":232104,"date":"2025-10-20T12:04:24","date_gmt":"2025-10-20T15:04:24","guid":{"rendered":"https:\/\/corrientesdetarde.com\/?p=232104"},"modified":"2025-10-20T12:04:29","modified_gmt":"2025-10-20T15:04:29","slug":"corrientes-celebra-su-patrimonio-vivo-con-la-entrega-de-diplomas-de-honor-a-chamameceros-2","status":"publish","type":"post","link":"https:\/\/corrientesdetarde.com\/index.php\/cultura\/corrientes-celebra-su-patrimonio-vivo-con-la-entrega-de-diplomas-de-honor-a-chamameceros-2\/","title":{"rendered":"Corrientes celebra su patrimonio vivo con la entrega de diplomas de honor a chamameceros"},"content":{"rendered":"\n<p>Hoy lunes, 20 de octubre, a las 18, en el Patio de la Cultura Marit\u00e9 Salas del Instituto de Cultura de Corrientes (San Juan 546) se realizar\u00e1 la entrega del Diploma de Honor a destacados m\u00fasicos y referentes de la cultura chamamecera, y se aprovechar\u00e1 la ocasi\u00f3n para rendir homenaje al chamamecero, Mat\u00edas Galarza, quien falleci\u00f3 recientemente.<\/p>\n\n\n\n<p>Organizado por el Instituto de Cultura de Corrientes junto al senador nacional Eduardo Vischi y la Fundaci\u00f3n Memoria del Chamam\u00e9 se llevar\u00e1 adelante esta actividad en el marco de la celebraci\u00f3n del D\u00eda Internacional del Patrimonio Cultural Inmaterial (17 de octubre \u2013 declarado por la UNESCO), y como parte del ciclo \u201cPatrimonio Vivo de Corrientes: celebrando nuestro legado\u201d.<\/p>\n\n\n\n<p>En esta oportunidad, recibir\u00e1n este importante reconocimiento por sus aportes al chamam\u00e9: Jorge Balmaceda, Coquimarola, Bocha Sheridan, Secundino Mart\u00ednez, F\u00e9lix Ch\u00e1vez, Juancito G\u00fcenaga, Juancito Ben\u00edtez, Bruno Mendoza, Grupo Itat\u00ed (cumple 20 a\u00f1os de Trayectoria), Los Hijos de los Barrios, N\u00e9lida Argentina Zen\u00f3n, Mar\u00eda Ofelia y Rosita Leiva.<\/p>\n\n\n\n<p><strong>CLASES Y MUSEO<\/strong><\/p>\n\n\n\n<p>Como parte de este mismo ciclo, el jueves 23 de octubre, de 19 a 21, se realizar\u00e1 la actividad \u201cChamam\u00e9 Vivo: clase did\u00e1ctica\u201d en el Museo de Artesan\u00edas Tradicionales (MAT), ubicado en Quintana 905. A las 19, los maestros artesanos mostrar\u00e1n sus t\u00e9cnicas tradicionales, y a las 20 tendr\u00e1 lugar una exposici\u00f3n de m\u00fasica y danza.<\/p>\n\n\n\n<p>El viernes 24, a las 20, se concretar\u00e1 la inauguraci\u00f3n de la muestra permanente y las obras realizadas para la puesta en valor del Museo del Carnaval (Pellegrini 494), para mostrar otra de las manifestaciones que identifican a Corrientes, y son patrimonio cultural inmaterial vigente.<\/p>\n\n\n\n<p>&nbsp;<strong>CELEBRACI\u00d3N MUNDIAL<\/strong><\/p>\n\n\n\n<p>La 42\u00aa sesi\u00f3n de la Conferencia General de la UNESCO en noviembre de 2023 proclam\u00f3 el 17 de octubre como el D\u00eda Internacional del Patrimonio Cultural Inmaterial.<\/p>\n\n\n\n<p>Para conmemorar esta segunda edici\u00f3n, el organismo internacional invit\u00f3 a sumarse a la celebraci\u00f3n organizando eventos y actividades que pongan de relieve la diversidad y la riqueza del patrimonio vivo, y que sensibilicen sobre la importancia de su salvaguardia.<\/p>\n\n\n\n<figure class=\"wp-block-image size-full\"><img loading=\"lazy\" decoding=\"async\" width=\"723\" height=\"899\" src=\"https:\/\/corrientesdetarde.com\/wp-content\/uploads\/2025\/10\/image-654.png\" alt=\"\" class=\"wp-image-232105\" srcset=\"https:\/\/corrientesdetarde.com\/wp-content\/uploads\/2025\/10\/image-654.png 723w, https:\/\/corrientesdetarde.com\/wp-content\/uploads\/2025\/10\/image-654-241x300.png 241w\" sizes=\"auto, (max-width: 723px) 100vw, 723px\" \/><\/figure>\n","protected":false},"excerpt":{"rendered":"<p>Hoy lunes, 20 de octubre, a las 18, en el Patio de la Cultura Marit\u00e9 Salas del Instituto de Cultura de Corrientes (San Juan 546) se realizar\u00e1 la entrega del&hellip; <\/p>\n","protected":false},"author":4,"featured_media":232106,"comment_status":"closed","ping_status":"open","sticky":false,"template":"","format":"standard","meta":{"footnotes":""},"categories":[15],"tags":[],"class_list":["post-232104","post","type-post","status-publish","format-standard","has-post-thumbnail","hentry","category-cultura"],"_links":{"self":[{"href":"https:\/\/corrientesdetarde.com\/index.php\/wp-json\/wp\/v2\/posts\/232104","targetHints":{"allow":["GET"]}}],"collection":[{"href":"https:\/\/corrientesdetarde.com\/index.php\/wp-json\/wp\/v2\/posts"}],"about":[{"href":"https:\/\/corrientesdetarde.com\/index.php\/wp-json\/wp\/v2\/types\/post"}],"author":[{"embeddable":true,"href":"https:\/\/corrientesdetarde.com\/index.php\/wp-json\/wp\/v2\/users\/4"}],"replies":[{"embeddable":true,"href":"https:\/\/corrientesdetarde.com\/index.php\/wp-json\/wp\/v2\/comments?post=232104"}],"version-history":[{"count":1,"href":"https:\/\/corrientesdetarde.com\/index.php\/wp-json\/wp\/v2\/posts\/232104\/revisions"}],"predecessor-version":[{"id":232109,"href":"https:\/\/corrientesdetarde.com\/index.php\/wp-json\/wp\/v2\/posts\/232104\/revisions\/232109"}],"wp:featuredmedia":[{"embeddable":true,"href":"https:\/\/corrientesdetarde.com\/index.php\/wp-json\/wp\/v2\/media\/232106"}],"wp:attachment":[{"href":"https:\/\/corrientesdetarde.com\/index.php\/wp-json\/wp\/v2\/media?parent=232104"}],"wp:term":[{"taxonomy":"category","embeddable":true,"href":"https:\/\/corrientesdetarde.com\/index.php\/wp-json\/wp\/v2\/categories?post=232104"},{"taxonomy":"post_tag","embeddable":true,"href":"https:\/\/corrientesdetarde.com\/index.php\/wp-json\/wp\/v2\/tags?post=232104"}],"curies":[{"name":"wp","href":"https:\/\/api.w.org\/{rel}","templated":true}]}}