{"id":232140,"date":"2025-10-20T14:03:45","date_gmt":"2025-10-20T17:03:45","guid":{"rendered":"https:\/\/corrientesdetarde.com\/?p=232140"},"modified":"2025-10-20T14:04:17","modified_gmt":"2025-10-20T17:04:17","slug":"la-costanera-fue-escenario-de-la-gran-final-de-la-competencia-vdf-de-costa-a-costa","status":"publish","type":"post","link":"https:\/\/corrientesdetarde.com\/index.php\/eventossociedad\/la-costanera-fue-escenario-de-la-gran-final-de-la-competencia-vdf-de-costa-a-costa\/","title":{"rendered":"La Costanera fue escenario de la gran final de la competencia \u201cVDF de Costa a Costa\u201d"},"content":{"rendered":"\n<p><em>En Punta Tacuara se llev\u00f3 adelante la quinta edici\u00f3n del festival Crew Corrientes, y la instancia final de la competencia \u201cVDF de Costa a Costa\u201d que reuni\u00f3 freestylers de toda la provincia. Participaron j\u00f3venes de Ituzaing\u00f3, Saladas, Goya, Virasoro y Capital. Los ganadores se llevaron importantes premios. Corrientes se consolida como referente del arte urbano en el litoral.<\/em><\/p>\n\n\n\n<p>La Costanera se llen\u00f3 ayer de improvisaci\u00f3n y talento con la final de la competencia de freestyle VDF de Costa a Costa, en el marco del festival Crew Corrientes. Este evento organizado por la Municipalidad de Corrientes reuni\u00f3 a los mejores exponentes del rap provincial en el marco del homenaje al hist\u00f3rico referente del g\u00e9nero, Juan Ortelli.<br><br>Desde las 16, en Punta Tacuara (Costanera y Pago Largo), los filtros y la batalla de outfits dieron inicio a una jornada que se convirti\u00f3 en una verdadera fiesta cultural juvenil. El evento atrajo a competidores y p\u00fablico de distintos puntos del interior correntino.<br><br>El primer puesto fue para \u201cLeandromuere solo\u201d que se llev\u00f3 el premio de $100.000, junto con una remera de Emportate y una producci\u00f3n musical de Lang Records. En segundo lugar, qued\u00f3 \u201cBQ\u201d (premio de $70.000) y, en tercer lugar, \u201cEXE DK\u201d ($30.000).<br><br>Durante la tarde de domingo, se presentaron JuanchyDGK, Yeax, Alon, Chizzo y Maru Cervin, adem\u00e1s de la participaci\u00f3n especial de Wall to Wall Battle, consolidando un cierre de alto nivel art\u00edstico.<br><br>El subsecretario de Desarrollo y Producci\u00f3n Cultural, Federico Maceri, destac\u00f3 el valor simb\u00f3lico de esta final y el crecimiento del movimiento freestyle en la ciudad: \u201cEs un d\u00eda muy especial, representativo de lo que se ha construido con este grupo de j\u00f3venes a lo largo de los \u00faltimos cuatro a\u00f1os. Esta competencia comenz\u00f3 como un encuentro de amigos con un sue\u00f1o, y hoy es un punto de referencia en el litoral\u201d, expres\u00f3.<br><br>Maceri record\u00f3 que la iniciativa naci\u00f3 en la plazoleta Casco, donde los j\u00f3venes comenzaron a expresarse a trav\u00e9s del rap y las batallas de improvisaci\u00f3n, y con el apoyo de la Municipalidad de Corrientes, encabezada por Eduardo Tassano, el proyecto creci\u00f3 hasta convertirse en una plataforma de desarrollo para nuevos artistas.<br><br>\u201cLos j\u00f3venes se han desarrollado, tuvieron las herramientas y el acompa\u00f1amiento institucional para que su competencia de barrio, de esquina, se convierta en un producto cultural reconocido en toda la provincia\u201d, agreg\u00f3 el funcionario.<br><br>Adem\u00e1s de la competencia, la jornada form\u00f3 parte del Festival Crew Corrientes, que ya ha sido escenario para m\u00e1s de cien j\u00f3venes artistas urbanos, permiti\u00e9ndoles debutar frente al p\u00fablico y consolidarse dentro de la escena local. Entre los destacados de esta edici\u00f3n estuvo el artista H, quien alcanz\u00f3 m\u00e1s de 200 mil reproducciones en su \u00faltima canci\u00f3n y dio sus primeros pasos sobre el escenario del festival.<br><br>Con m\u00e1s de 20 competidores del interior provincial enfrent\u00e1ndose a los representantes de la capital, la final \u201cVDF de Costa a Costa\u201d dej\u00f3 en claro que el freestyle correntino atraviesa su mejor momento. \u201cLa vara est\u00e1 muy alta para lo que se viene. Los j\u00f3venes est\u00e1n entusiasmados y comprometidos, y Corrientes ya es reconocida como una ciudad donde el arte urbano tiene su lugar\u201d, concluy\u00f3 Maceri.<br><br>El evento fue organizado por la Municipalidad de Corrientes, con el acompa\u00f1amiento de Bombo Clat, Malavida Crew, Freebars, y VDF, reafirmando el compromiso con la promoci\u00f3n de la cultura joven y las expresiones art\u00edsticas urbanas.<\/p>\n\n\n\n<p><em><a href=\"https:\/\/ciudaddecorrientes.us12.list-manage.com\/track\/click?u=253e4bcff71216c6af771c3c9&amp;id=480cefea27&amp;e=17643edfa8\" target=\"_blank\" rel=\"noreferrer noopener\">NOTA TV.<\/a><br>Federico Maceri,&nbsp;subsecretario de Desarrollo y Producci\u00f3n Cultural.<\/em><\/p>\n\n\n\n<figure class=\"wp-block-image size-large\"><img loading=\"lazy\" decoding=\"async\" width=\"1024\" height=\"683\" src=\"https:\/\/corrientesdetarde.com\/wp-content\/uploads\/2025\/10\/image-665-1024x683.png\" alt=\"\" class=\"wp-image-232142\" srcset=\"https:\/\/corrientesdetarde.com\/wp-content\/uploads\/2025\/10\/image-665-1024x683.png 1024w, https:\/\/corrientesdetarde.com\/wp-content\/uploads\/2025\/10\/image-665-300x200.png 300w, https:\/\/corrientesdetarde.com\/wp-content\/uploads\/2025\/10\/image-665-768x512.png 768w, https:\/\/corrientesdetarde.com\/wp-content\/uploads\/2025\/10\/image-665-1536x1024.png 1536w, https:\/\/corrientesdetarde.com\/wp-content\/uploads\/2025\/10\/image-665.png 1599w\" sizes=\"auto, (max-width: 1024px) 100vw, 1024px\" \/><\/figure>\n\n\n\n<figure class=\"wp-block-image size-large\"><img loading=\"lazy\" decoding=\"async\" width=\"1024\" height=\"683\" src=\"https:\/\/corrientesdetarde.com\/wp-content\/uploads\/2025\/10\/image-666-1024x683.png\" alt=\"\" class=\"wp-image-232143\" srcset=\"https:\/\/corrientesdetarde.com\/wp-content\/uploads\/2025\/10\/image-666-1024x683.png 1024w, https:\/\/corrientesdetarde.com\/wp-content\/uploads\/2025\/10\/image-666-300x200.png 300w, https:\/\/corrientesdetarde.com\/wp-content\/uploads\/2025\/10\/image-666-768x512.png 768w, https:\/\/corrientesdetarde.com\/wp-content\/uploads\/2025\/10\/image-666-1536x1024.png 1536w, https:\/\/corrientesdetarde.com\/wp-content\/uploads\/2025\/10\/image-666.png 1599w\" sizes=\"auto, (max-width: 1024px) 100vw, 1024px\" \/><\/figure>\n\n\n\n<figure class=\"wp-block-image size-large\"><img loading=\"lazy\" decoding=\"async\" width=\"768\" height=\"1024\" src=\"https:\/\/corrientesdetarde.com\/wp-content\/uploads\/2025\/10\/image-667-768x1024.png\" alt=\"\" class=\"wp-image-232144\" srcset=\"https:\/\/corrientesdetarde.com\/wp-content\/uploads\/2025\/10\/image-667-768x1024.png 768w, https:\/\/corrientesdetarde.com\/wp-content\/uploads\/2025\/10\/image-667-225x300.png 225w, https:\/\/corrientesdetarde.com\/wp-content\/uploads\/2025\/10\/image-667.png 960w\" sizes=\"auto, (max-width: 768px) 100vw, 768px\" \/><\/figure>\n\n\n\n<figure class=\"wp-block-image size-large\"><img loading=\"lazy\" decoding=\"async\" width=\"1024\" height=\"683\" src=\"https:\/\/corrientesdetarde.com\/wp-content\/uploads\/2025\/10\/image-668-1024x683.png\" alt=\"\" class=\"wp-image-232145\" srcset=\"https:\/\/corrientesdetarde.com\/wp-content\/uploads\/2025\/10\/image-668-1024x683.png 1024w, https:\/\/corrientesdetarde.com\/wp-content\/uploads\/2025\/10\/image-668-300x200.png 300w, https:\/\/corrientesdetarde.com\/wp-content\/uploads\/2025\/10\/image-668-768x512.png 768w, https:\/\/corrientesdetarde.com\/wp-content\/uploads\/2025\/10\/image-668-1536x1024.png 1536w, https:\/\/corrientesdetarde.com\/wp-content\/uploads\/2025\/10\/image-668.png 1599w\" sizes=\"auto, (max-width: 1024px) 100vw, 1024px\" \/><\/figure>\n\n\n\n<figure class=\"wp-block-image size-large\"><img loading=\"lazy\" decoding=\"async\" width=\"768\" height=\"1024\" src=\"https:\/\/corrientesdetarde.com\/wp-content\/uploads\/2025\/10\/image-669-768x1024.png\" alt=\"\" class=\"wp-image-232146\" srcset=\"https:\/\/corrientesdetarde.com\/wp-content\/uploads\/2025\/10\/image-669-768x1024.png 768w, https:\/\/corrientesdetarde.com\/wp-content\/uploads\/2025\/10\/image-669-225x300.png 225w, https:\/\/corrientesdetarde.com\/wp-content\/uploads\/2025\/10\/image-669.png 960w\" sizes=\"auto, (max-width: 768px) 100vw, 768px\" \/><\/figure>\n","protected":false},"excerpt":{"rendered":"<p>En Punta Tacuara se llev\u00f3 adelante la quinta edici\u00f3n del festival Crew Corrientes, y la instancia final de la competencia \u201cVDF de Costa a Costa\u201d que reuni\u00f3 freestylers de toda&hellip; <\/p>\n","protected":false},"author":8,"featured_media":232144,"comment_status":"closed","ping_status":"open","sticky":false,"template":"","format":"standard","meta":{"footnotes":""},"categories":[1208],"tags":[],"class_list":["post-232140","post","type-post","status-publish","format-standard","has-post-thumbnail","hentry","category-eventossociedad"],"_links":{"self":[{"href":"https:\/\/corrientesdetarde.com\/index.php\/wp-json\/wp\/v2\/posts\/232140","targetHints":{"allow":["GET"]}}],"collection":[{"href":"https:\/\/corrientesdetarde.com\/index.php\/wp-json\/wp\/v2\/posts"}],"about":[{"href":"https:\/\/corrientesdetarde.com\/index.php\/wp-json\/wp\/v2\/types\/post"}],"author":[{"embeddable":true,"href":"https:\/\/corrientesdetarde.com\/index.php\/wp-json\/wp\/v2\/users\/8"}],"replies":[{"embeddable":true,"href":"https:\/\/corrientesdetarde.com\/index.php\/wp-json\/wp\/v2\/comments?post=232140"}],"version-history":[{"count":1,"href":"https:\/\/corrientesdetarde.com\/index.php\/wp-json\/wp\/v2\/posts\/232140\/revisions"}],"predecessor-version":[{"id":232147,"href":"https:\/\/corrientesdetarde.com\/index.php\/wp-json\/wp\/v2\/posts\/232140\/revisions\/232147"}],"wp:featuredmedia":[{"embeddable":true,"href":"https:\/\/corrientesdetarde.com\/index.php\/wp-json\/wp\/v2\/media\/232144"}],"wp:attachment":[{"href":"https:\/\/corrientesdetarde.com\/index.php\/wp-json\/wp\/v2\/media?parent=232140"}],"wp:term":[{"taxonomy":"category","embeddable":true,"href":"https:\/\/corrientesdetarde.com\/index.php\/wp-json\/wp\/v2\/categories?post=232140"},{"taxonomy":"post_tag","embeddable":true,"href":"https:\/\/corrientesdetarde.com\/index.php\/wp-json\/wp\/v2\/tags?post=232140"}],"curies":[{"name":"wp","href":"https:\/\/api.w.org\/{rel}","templated":true}]}}