{"id":232148,"date":"2025-10-20T14:06:34","date_gmt":"2025-10-20T17:06:34","guid":{"rendered":"https:\/\/corrientesdetarde.com\/?p=232148"},"modified":"2025-10-20T14:07:05","modified_gmt":"2025-10-20T17:07:05","slug":"fuerza-patria-reclamo-en-la-justicia-que-obligue-al-gobierno-a-difundir-los-resultados-por-provincia","status":"publish","type":"post","link":"https:\/\/corrientesdetarde.com\/index.php\/politica\/fuerza-patria-reclamo-en-la-justicia-que-obligue-al-gobierno-a-difundir-los-resultados-por-provincia\/","title":{"rendered":"Fuerza Patria reclam\u00f3 en la Justicia que obligue al Gobierno a difundir los resultados por provincia"},"content":{"rendered":"\n<p>En la presentaci\u00f3n ante la C\u00e1mara Nacional Electoral, los apoderados del peronismo plantearon que la elecci\u00f3n del pr\u00f3ximo domingo \u201ces nacional de distrito\u201d.<\/p>\n\n\n\n<p>A seis d\u00edas para las\u00a0<strong>elecciones legislativas nacionales\u00a0Fuerza Patria<\/strong>\u00a0reclam\u00f3 en la Justicia que obligue al Gobierno a\u00a0<strong>difundir los resultados por provincia, como anticip\u00f3 .<\/strong>\u00a0Los apoderados del peronismo plantearon que la elecci\u00f3n del pr\u00f3ximo domingo \u201ces\u00a0<strong>nacional de distrito\u00a0<\/strong>y no de distrito \u00fanico\u201d, en la presentaci\u00f3n ante la C\u00e1mara Nacional Electoral.<\/p>\n\n\n\n<p>El reclamo se basa en que, durante el simulacro de escrutinio que se hizo este s\u00e1bado, por primera vez se&nbsp;<strong>unific\u00f3 el resultado<\/strong>&nbsp;por alianzas pol\u00edticas en vez de mostrar los datos por provincias.<\/p>\n\n\n\n<p>El documento, firmado por los apoderados, Eduardo L\u00f3pez Wesselhoefft, Patricia Garc\u00eda Blanco, Eduardo Cergnul y Agustina Vila plante\u00f3 que \u201cel objetivo de la principal fuerza opositora a La Libertad Avanza (LLA) es que la Direcci\u00f3n Nacional Electoral (DINE) informe el escrutinio por provincia porque, anunciar los resultados a nivel nacional,&nbsp;<strong>carece de fundamento jur\u00eddico\u201d.<\/strong><\/p>\n\n\n\n<h2 class=\"wp-block-heading\">Las claves del reclamo de Fuerza Patria para que el Gobierno difunda los resultados por provincia<\/h2>\n\n\n\n<p>La presentaci\u00f3n advirti\u00f3 que si el anuncio de los resultados de la elecci\u00f3n legislativa nacional se realiza de esa manera \u201cse puede caer en&nbsp;<strong>lecturas equ\u00edvocas<\/strong>&nbsp;del proceso electoral\u201d del pr\u00f3ximo domingo 26 de octubre.<\/p>\n\n\n\n<p>El documento plante\u00f3: \u201cDebemos recordar que la pr\u00f3xima elecci\u00f3n es nacional de distrito y no de distrito \u00fanico, que habr\u00eda justificado la sumatoria de los votos de candidaturas que se eligen por distrito Rep\u00fablica Argentina, agrupando las alianzas de igual nombre, por lo que aquella elecci\u00f3n tiene una naturaleza propia, donde la conformaci\u00f3n de las alianzas<strong>&nbsp;var\u00eda seg\u00fan el distrito<\/strong>&nbsp;en orden a los acuerdos pol\u00edticos a que se arriben con otras agrupaciones\u201d.<\/p>\n\n\n\n<p>El texto presentado por Fuerza Patria ante la CNE argument\u00f3: \u201cEn este orden de ideas cabe se\u00f1alar que la consolidaci\u00f3n de un resultado nacional es incorrecta y cualquier agrupamiento de alianzas que se realice es arbitrario\u201d.<\/p>\n\n\n\n<p>Reclamaron que los resultados de la elecci\u00f3n se informen \u201cdistrito por distrito, sin acumular\u201d al plantear que la metodolog\u00eda propuesta excede las responsabilidades de la DINE, \u201ccuya funci\u00f3n debe limitarse a contar y hacer p\u00fablico los resultados oficiales de la elecci\u00f3n\u201d: \u201cDe lo contrario, estar\u00eda&nbsp;<strong>distorsionando&nbsp;<\/strong>la informaci\u00f3n y&nbsp;<strong>alterando&nbsp;<\/strong>la interpretaci\u00f3n, por terceros, del resultado provisorio\u201d.<\/p>\n\n\n\n<p>Manifestaron que \u201cno hay una elecci\u00f3n nacional, de distrito \u00fanico, por realizarse\u201d y que por eso el Estado, a trav\u00e9s de la DINE,&nbsp;<strong>\u201cno puede apartarse&nbsp;<\/strong>de sus competencias\u201d e \u201cinmiscuirse\u201d en los recuentos o en las lecturas pol\u00edticas \u201cde las cuales debe mantenerse al margen\u201d.<\/p>\n\n\n\n<p>Concluyeron: \u201cEn m\u00e9rito a lo expuesto se solicita se haga saber a la Direcci\u00f3n Nacional Electoral que, \u00fanicamente, deber\u00e1 informar los resultados de los escrutinios de los votos de cada distrito electoral,&nbsp;<strong>absteni\u00e9ndose de acumularlos nacionalmente,&nbsp;<\/strong>bajo ning\u00fan par\u00e1metro, ya que lo contrario no tiene base normativa y genera confusi\u00f3n en la ciudadan\u00eda\u201d.<\/p>\n\n\n\n<p><\/p>\n","protected":false},"excerpt":{"rendered":"<p>En la presentaci\u00f3n ante la C\u00e1mara Nacional Electoral, los apoderados del peronismo plantearon que la elecci\u00f3n del pr\u00f3ximo domingo \u201ces nacional de distrito\u201d. A seis d\u00edas para las\u00a0elecciones legislativas nacionales\u00a0Fuerza&hellip; <\/p>\n","protected":false},"author":8,"featured_media":232149,"comment_status":"closed","ping_status":"open","sticky":false,"template":"","format":"standard","meta":{"footnotes":""},"categories":[3],"tags":[],"class_list":["post-232148","post","type-post","status-publish","format-standard","has-post-thumbnail","hentry","category-politica"],"_links":{"self":[{"href":"https:\/\/corrientesdetarde.com\/index.php\/wp-json\/wp\/v2\/posts\/232148","targetHints":{"allow":["GET"]}}],"collection":[{"href":"https:\/\/corrientesdetarde.com\/index.php\/wp-json\/wp\/v2\/posts"}],"about":[{"href":"https:\/\/corrientesdetarde.com\/index.php\/wp-json\/wp\/v2\/types\/post"}],"author":[{"embeddable":true,"href":"https:\/\/corrientesdetarde.com\/index.php\/wp-json\/wp\/v2\/users\/8"}],"replies":[{"embeddable":true,"href":"https:\/\/corrientesdetarde.com\/index.php\/wp-json\/wp\/v2\/comments?post=232148"}],"version-history":[{"count":1,"href":"https:\/\/corrientesdetarde.com\/index.php\/wp-json\/wp\/v2\/posts\/232148\/revisions"}],"predecessor-version":[{"id":232150,"href":"https:\/\/corrientesdetarde.com\/index.php\/wp-json\/wp\/v2\/posts\/232148\/revisions\/232150"}],"wp:featuredmedia":[{"embeddable":true,"href":"https:\/\/corrientesdetarde.com\/index.php\/wp-json\/wp\/v2\/media\/232149"}],"wp:attachment":[{"href":"https:\/\/corrientesdetarde.com\/index.php\/wp-json\/wp\/v2\/media?parent=232148"}],"wp:term":[{"taxonomy":"category","embeddable":true,"href":"https:\/\/corrientesdetarde.com\/index.php\/wp-json\/wp\/v2\/categories?post=232148"},{"taxonomy":"post_tag","embeddable":true,"href":"https:\/\/corrientesdetarde.com\/index.php\/wp-json\/wp\/v2\/tags?post=232148"}],"curies":[{"name":"wp","href":"https:\/\/api.w.org\/{rel}","templated":true}]}}