{"id":232154,"date":"2025-10-20T14:16:18","date_gmt":"2025-10-20T17:16:18","guid":{"rendered":"https:\/\/corrientesdetarde.com\/?p=232154"},"modified":"2025-10-20T14:16:30","modified_gmt":"2025-10-20T17:16:30","slug":"el-gobierno-cruzo-al-kirchnerismo-por-su-reclamo-a-la-justicia-electoral","status":"publish","type":"post","link":"https:\/\/corrientesdetarde.com\/index.php\/nacionales\/el-gobierno-cruzo-al-kirchnerismo-por-su-reclamo-a-la-justicia-electoral\/","title":{"rendered":"El Gobierno cruz\u00f3 al kirchnerismo por su reclamo a la Justicia Electoral"},"content":{"rendered":"\n<p>El vocero presidencial, Manuel Adorni, respondi\u00f3 al pedido de Fuerza Patria de que se difundan los resultados de las legislativas provincia por provincia.<\/p>\n\n\n\n<p>El vocero presidencial,\u00a0<strong>Manuel Adorni<\/strong>, desestim\u00f3 este lunes el\u00a0reclamo del kirchnerismo ante la Justicia Electoral\u00a0de que se obligue al Gobierno a difundir los resultados de las legislativas del pr\u00f3ximo domingo provincia por provincia.<\/p>\n\n\n\n<p>\u201c<strong>(La presentaci\u00f3n judicial) no importa. La gente va a ir a votar independientemente de c\u00f3mo quieran mostrar ellos el resultado. Nosotros (el resultado) lo vamos a tener el 10 de diciembre con el\u00a0recambio de la C\u00e1mara. Lo dem\u00e1s no nos importa demasiado<\/strong>\u201d, dijo Adorni en una entrevista con\u00a0<em>La Casa Streaming<\/em>.<\/p>\n\n\n\n<p>Las declaraciones del portavoz de&nbsp;<strong>Javier Milei<\/strong>&nbsp;fueron una respuesta directa al planteo que los&nbsp;<strong>apoderados de Fuerza Patria<\/strong>&nbsp;presentaron ante la C\u00e1mara Nacional Electoral y los 24 juzgados federales con competencia electoral. El espacio opositor busca que se modifique el criterio con el que la&nbsp;<strong>Direcci\u00f3n Nacional Electoral<\/strong>&nbsp;(DINE) mostrar\u00e1 los&nbsp;<strong>resultados provisorios<\/strong>&nbsp;del escrutinio.<\/p>\n\n\n\n<p>El reclamo del kirchnerismo se centra en que, por primera vez, durante el simulacro de conteo realizado el s\u00e1bado, la DINE&nbsp;<strong>unific\u00f3 los resultados por alianzas pol\u00edticas<\/strong>&nbsp;en lugar de mostrar los datos&nbsp;<strong>provincia por provincia<\/strong>, como se hace tradicionalmente en las elecciones legislativas.<\/p>\n\n\n\n<p>Seg\u00fan argumentan desde Fuerza Patria, esa decisi\u00f3n&nbsp;<strong>distorsiona la naturaleza del comicio<\/strong>, ya que cada distrito elige sus propios representantes y&nbsp;<strong>no existe una contienda nacional unificada<\/strong>.<\/p>\n\n\n\n<p>\u201cEst\u00e1n sumando los frentes que se llaman iguales, pero en el pa\u00eds hay 24 juntas electorales.\u00a0<strong>Esta no es una elecci\u00f3n presidencial nacional, es una elecci\u00f3n provincial<\/strong>. Lo importante es c\u00f3mo queda el Congreso a partir del 10 de diciembre, cu\u00e1ntas bancas consigue cada partido\u201d, explicaron voceros del espacio.<\/p>\n\n\n\n<figure class=\"wp-block-image\"><img decoding=\"async\" src=\"https:\/\/tn.com.ar\/resizer\/v2\/en-un-simulacro-de-conteo-la-dine-unifico-los-resultados-por-alianzas-politicas-en-lugar-de-mostrar-los-datos-provincia-por-provincia-foto-direccion-nacional-electoral-XOBCAFM5MZCCRIKJUTAHEF477Q.png?auth=0eebca5a987e5b9f463d916e80305eceb933c3f21b9d89dc87aa4628bb5ee49b&amp;width=767\" alt=\"En un simulacro de conteo, la DINE unific\u00f3 los resultados por alianzas pol\u00edticas en lugar de mostrar los datos provincia por provincia. (Foto: Direcci\u00f3n Nacional Electoral)\"\/><\/figure>\n\n\n\n<p>El kirchnerismo sostiene que el nuevo criterio favorece al oficialismo.<strong>&nbsp;La Libertad Avanza, la \u00fanica fuerza que compite con el mismo nombre en todo el pa\u00eds<\/strong>, ver\u00eda sumados sus votos de los 24 distritos, mientras que el peronismo se presenta con&nbsp;<strong>distintos sellos provinciales<\/strong>, aunque bajo afinidad con Fuerza Patria. Seg\u00fan fuentes del PJ, eso podr\u00eda proyectar una<strong>&nbsp;\u201cfoto nacional\u201d distorsionada<\/strong>, con una&nbsp;<strong>ventaja artificial para el Gobierno<\/strong>.<\/p>\n\n\n\n<p>Desde el oficialismo, en cambio, relativizaron la controversia. Fuentes del Ejecutivo se\u00f1alaron que la DINE \u201crealiza un escrutinio provisorio e informativo, con los criterios que considera que tienen inter\u00e9s\u201d, y subrayaron que los datos globales<strong>&nbsp;\u201cno tienen valor jur\u00eddico ni implican nada en s\u00ed mismos\u201d<\/strong>.<\/p>\n\n\n\n<p>Aun as\u00ed, en el peronismo temen que la presentaci\u00f3n de esos n\u00fameros influya en la lectura pol\u00edtica de la jornada electoral. Por eso, adem\u00e1s de la impugnaci\u00f3n judicial, el espacio prepara una&nbsp;<strong>aplicaci\u00f3n propia<\/strong>&nbsp;que agrupar\u00e1 los votos por bloques amplios \u2014Peronismo, LLA, Izquierda, Provincias Unidas, Frentes Locales y Otros\u2014 para ofrecer una&nbsp;<strong>lectura alternativa<\/strong>&nbsp;del resultado nacional.<\/p>\n\n\n\n<p>\u201cEl Gobierno est\u00e1&nbsp;<strong>desesperado por tratar de mostrar una sumatoria nacional<\/strong>, porque es la \u00fanica forma de presentar un resultado satisfactorio, pero no corresponde y por eso se est\u00e1 haciendo esta presentaci\u00f3n\u201d, se\u00f1al\u00f3 otro dirigente del espacio opositor, que reclam\u00f3 a la DINE que \u201cmuestre las pantallas de&nbsp;<strong>resultados provincia por provincia<\/strong>, como se hizo siempre\u201d.<\/p>\n\n\n\n<p>El conflicto tiene&nbsp;<strong>antecedentes recientes<\/strong>. D\u00edas atr\u00e1s, la C\u00e1mara Nacional Electoral fall\u00f3 a favor del&nbsp;<strong>peronismo entrerriano<\/strong>, al reconocer la vinculaci\u00f3n entre el frente Fuerza Entre R\u00edos y el sello nacional Fuerza Patria, por considerar que ambos nombres guardaban&nbsp;<strong>coherencia pol\u00edtica<\/strong>. Para el kirchnerismo, esa resoluci\u00f3n respalda su pedido de&nbsp;<strong>unificar los votos de los espacios aliados<\/strong>&nbsp;a nivel nacional.<\/p>\n\n\n\n<p>En el escrito que se present\u00f3 ante la Justicia, los apoderados de Fuerza Patria pidieron adem\u00e1s conocer el detalle de los&nbsp;<strong>mecanismos de difusi\u00f3n<\/strong>&nbsp;que usar\u00e1 la DINE, el funcionamiento de sus sistemas tecnol\u00f3gicos y los protocolos de auditor\u00eda. Tambi\u00e9n reclamar\u00e1n informaci\u00f3n sobre la contrataci\u00f3n de&nbsp;<strong>CORASA&nbsp;<\/strong>y del convenio con el&nbsp;<strong>Correo Argentino<\/strong>, adem\u00e1s de la cantidad y distribuci\u00f3n de operadores de digitaci\u00f3n en los centros de recuento de Barracas y Monte Grande.<\/p>\n\n\n\n<p><\/p>\n","protected":false},"excerpt":{"rendered":"<p>El vocero presidencial, Manuel Adorni, respondi\u00f3 al pedido de Fuerza Patria de que se difundan los resultados de las legislativas provincia por provincia. El vocero presidencial,\u00a0Manuel Adorni, desestim\u00f3 este lunes&hellip; <\/p>\n","protected":false},"author":8,"featured_media":232155,"comment_status":"closed","ping_status":"open","sticky":false,"template":"","format":"standard","meta":{"footnotes":""},"categories":[10],"tags":[],"class_list":["post-232154","post","type-post","status-publish","format-standard","has-post-thumbnail","hentry","category-nacionales"],"_links":{"self":[{"href":"https:\/\/corrientesdetarde.com\/index.php\/wp-json\/wp\/v2\/posts\/232154","targetHints":{"allow":["GET"]}}],"collection":[{"href":"https:\/\/corrientesdetarde.com\/index.php\/wp-json\/wp\/v2\/posts"}],"about":[{"href":"https:\/\/corrientesdetarde.com\/index.php\/wp-json\/wp\/v2\/types\/post"}],"author":[{"embeddable":true,"href":"https:\/\/corrientesdetarde.com\/index.php\/wp-json\/wp\/v2\/users\/8"}],"replies":[{"embeddable":true,"href":"https:\/\/corrientesdetarde.com\/index.php\/wp-json\/wp\/v2\/comments?post=232154"}],"version-history":[{"count":1,"href":"https:\/\/corrientesdetarde.com\/index.php\/wp-json\/wp\/v2\/posts\/232154\/revisions"}],"predecessor-version":[{"id":232156,"href":"https:\/\/corrientesdetarde.com\/index.php\/wp-json\/wp\/v2\/posts\/232154\/revisions\/232156"}],"wp:featuredmedia":[{"embeddable":true,"href":"https:\/\/corrientesdetarde.com\/index.php\/wp-json\/wp\/v2\/media\/232155"}],"wp:attachment":[{"href":"https:\/\/corrientesdetarde.com\/index.php\/wp-json\/wp\/v2\/media?parent=232154"}],"wp:term":[{"taxonomy":"category","embeddable":true,"href":"https:\/\/corrientesdetarde.com\/index.php\/wp-json\/wp\/v2\/categories?post=232154"},{"taxonomy":"post_tag","embeddable":true,"href":"https:\/\/corrientesdetarde.com\/index.php\/wp-json\/wp\/v2\/tags?post=232154"}],"curies":[{"name":"wp","href":"https:\/\/api.w.org\/{rel}","templated":true}]}}