{"id":23219,"date":"2022-11-27T12:55:37","date_gmt":"2022-11-27T15:55:37","guid":{"rendered":"https:\/\/corrientesdetarde.com\/?p=23219"},"modified":"2022-11-27T12:55:40","modified_gmt":"2022-11-27T15:55:40","slug":"el-vicegobernador-encabezo-el-acto-aniversario-de-el-sombrero","status":"publish","type":"post","link":"https:\/\/corrientesdetarde.com\/index.php\/locales\/el-vicegobernador-encabezo-el-acto-aniversario-de-el-sombrero\/","title":{"rendered":"El Vicegobernador encabez\u00f3 el acto aniversario de El Sombrero"},"content":{"rendered":"\n<p>El Vicegobernador, Pedro Braillard Poccard, particip\u00f3 junto al intendente de El Sombrero, Ra\u00fal Gonz\u00e1lez, del acto central con motivo del 8vo. aniversario del pueblo y d\u00eda de su Santa Patrona, la Virgen de la Medalla Milagrosa.<\/p>\n\n\n\n<p>Tambi\u00e9n fueron parte la viceintendente de la localidad, Cecilia Barrientos; el Ministro de Coordinaci\u00f3n y Planificaci\u00f3n, Miguel Olivieri, y autoridades municipales.<\/p>\n\n\n\n<p>Al dirigirse a los presentes, Braillard Poccard destac\u00f3 el crecimiento de El Sombrero en estos \u00faltimos a\u00f1os &#8220;gracias a la din\u00e1mica en la gesti\u00f3n municipal, encabezada por Ra\u00fal Gonzalez&#8221; se\u00f1al\u00f3 y agreg\u00f3 &#8220;la instituci\u00f3n municipal constituye ese motor de crecimiento y desarrollo&#8221;.<\/p>\n\n\n\n<p>&#8220;Si bien es una comunidad de 200 a\u00f1os, lo que le dio proyecci\u00f3n es haberse constituido y adquirido el rol de municipio&#8221; marc\u00f3 el Vicegobernador.<\/p>\n\n\n\n<p>En este sentido inst\u00f3 a &#8220;seguir creciendo, como lo hicieron en \u00e9poca de pandemia y sequ\u00eda, con ese esp\u00edritu de comunidad fundamental para el desarrollo de los pueblos&#8221;.<\/p>\n\n\n\n<p>Es de destacar que, en la oportunidad, el Vicegobernador fue declarado por el intendente Gonz\u00e1lez Hu\u00e9sped de Honor de la localidad de El Sombrero.<\/p>\n\n\n\n<div class=\"wp-block-uagb-container uagb-block-5348e701 alignfull uagb-is-root-container\"><div class=\"uagb-container-inner-blocks-wrap\">\n<div class=\"wp-block-uagb-container uagb-block-bf6fbc27\">\n<figure class=\"wp-block-image size-large is-resized\"><img loading=\"lazy\" decoding=\"async\" src=\"https:\/\/corrientesdetarde.com\/wp-content\/uploads\/2022\/11\/WhatsApp-Image-2022-11-27-at-12.51.22-PM-1-1024x683.jpeg\" alt=\"\" class=\"wp-image-23221\" width=\"281\" height=\"187\" srcset=\"https:\/\/corrientesdetarde.com\/wp-content\/uploads\/2022\/11\/WhatsApp-Image-2022-11-27-at-12.51.22-PM-1-1024x683.jpeg 1024w, https:\/\/corrientesdetarde.com\/wp-content\/uploads\/2022\/11\/WhatsApp-Image-2022-11-27-at-12.51.22-PM-1-300x200.jpeg 300w, https:\/\/corrientesdetarde.com\/wp-content\/uploads\/2022\/11\/WhatsApp-Image-2022-11-27-at-12.51.22-PM-1-768x512.jpeg 768w, https:\/\/corrientesdetarde.com\/wp-content\/uploads\/2022\/11\/WhatsApp-Image-2022-11-27-at-12.51.22-PM-1-1536x1024.jpeg 1536w, https:\/\/corrientesdetarde.com\/wp-content\/uploads\/2022\/11\/WhatsApp-Image-2022-11-27-at-12.51.22-PM-1-272x182.jpeg 272w, https:\/\/corrientesdetarde.com\/wp-content\/uploads\/2022\/11\/WhatsApp-Image-2022-11-27-at-12.51.22-PM-1.jpeg 1599w\" sizes=\"auto, (max-width: 281px) 100vw, 281px\" \/><\/figure>\n<\/div>\n\n\n\n<div class=\"wp-block-uagb-container uagb-block-f78a0e7d\">\n<figure class=\"wp-block-image size-large is-resized\"><img loading=\"lazy\" decoding=\"async\" src=\"https:\/\/corrientesdetarde.com\/wp-content\/uploads\/2022\/11\/WhatsApp-Image-2022-11-27-at-12.51.23-PM-1024x683.jpeg\" alt=\"\" class=\"wp-image-23222\" width=\"525\" height=\"350\" srcset=\"https:\/\/corrientesdetarde.com\/wp-content\/uploads\/2022\/11\/WhatsApp-Image-2022-11-27-at-12.51.23-PM-1024x683.jpeg 1024w, https:\/\/corrientesdetarde.com\/wp-content\/uploads\/2022\/11\/WhatsApp-Image-2022-11-27-at-12.51.23-PM-300x200.jpeg 300w, https:\/\/corrientesdetarde.com\/wp-content\/uploads\/2022\/11\/WhatsApp-Image-2022-11-27-at-12.51.23-PM-768x512.jpeg 768w, https:\/\/corrientesdetarde.com\/wp-content\/uploads\/2022\/11\/WhatsApp-Image-2022-11-27-at-12.51.23-PM-1536x1024.jpeg 1536w, https:\/\/corrientesdetarde.com\/wp-content\/uploads\/2022\/11\/WhatsApp-Image-2022-11-27-at-12.51.23-PM-272x182.jpeg 272w, https:\/\/corrientesdetarde.com\/wp-content\/uploads\/2022\/11\/WhatsApp-Image-2022-11-27-at-12.51.23-PM.jpeg 1599w\" sizes=\"auto, (max-width: 525px) 100vw, 525px\" \/><\/figure>\n<\/div>\n\n\n\n<div class=\"wp-block-uagb-container uagb-block-177725c1\"><\/div>\n<\/div><\/div>\n","protected":false},"excerpt":{"rendered":"<p>El Vicegobernador, Pedro Braillard Poccard, particip\u00f3 junto al intendente de El Sombrero, Ra\u00fal Gonz\u00e1lez, del acto central con motivo del 8vo. aniversario del pueblo y d\u00eda de su Santa Patrona,&hellip; <\/p>\n","protected":false},"author":1,"featured_media":23220,"comment_status":"closed","ping_status":"open","sticky":false,"template":"","format":"standard","meta":{"footnotes":""},"categories":[8],"tags":[],"class_list":["post-23219","post","type-post","status-publish","format-standard","has-post-thumbnail","hentry","category-locales"],"_links":{"self":[{"href":"https:\/\/corrientesdetarde.com\/index.php\/wp-json\/wp\/v2\/posts\/23219","targetHints":{"allow":["GET"]}}],"collection":[{"href":"https:\/\/corrientesdetarde.com\/index.php\/wp-json\/wp\/v2\/posts"}],"about":[{"href":"https:\/\/corrientesdetarde.com\/index.php\/wp-json\/wp\/v2\/types\/post"}],"author":[{"embeddable":true,"href":"https:\/\/corrientesdetarde.com\/index.php\/wp-json\/wp\/v2\/users\/1"}],"replies":[{"embeddable":true,"href":"https:\/\/corrientesdetarde.com\/index.php\/wp-json\/wp\/v2\/comments?post=23219"}],"version-history":[{"count":1,"href":"https:\/\/corrientesdetarde.com\/index.php\/wp-json\/wp\/v2\/posts\/23219\/revisions"}],"predecessor-version":[{"id":23224,"href":"https:\/\/corrientesdetarde.com\/index.php\/wp-json\/wp\/v2\/posts\/23219\/revisions\/23224"}],"wp:featuredmedia":[{"embeddable":true,"href":"https:\/\/corrientesdetarde.com\/index.php\/wp-json\/wp\/v2\/media\/23220"}],"wp:attachment":[{"href":"https:\/\/corrientesdetarde.com\/index.php\/wp-json\/wp\/v2\/media?parent=23219"}],"wp:term":[{"taxonomy":"category","embeddable":true,"href":"https:\/\/corrientesdetarde.com\/index.php\/wp-json\/wp\/v2\/categories?post=23219"},{"taxonomy":"post_tag","embeddable":true,"href":"https:\/\/corrientesdetarde.com\/index.php\/wp-json\/wp\/v2\/tags?post=23219"}],"curies":[{"name":"wp","href":"https:\/\/api.w.org\/{rel}","templated":true}]}}