{"id":232215,"date":"2025-10-20T21:38:20","date_gmt":"2025-10-21T00:38:20","guid":{"rendered":"https:\/\/corrientesdetarde.com\/?p=232215"},"modified":"2025-10-20T21:38:25","modified_gmt":"2025-10-21T00:38:25","slug":"andres-rabossi-el-candidato-arnoldo-rohner-le-saca-20-puntos-de-ventaja-al-segundo","status":"publish","type":"post","link":"https:\/\/corrientesdetarde.com\/index.php\/politica\/andres-rabossi-el-candidato-arnoldo-rohner-le-saca-20-puntos-de-ventaja-al-segundo\/","title":{"rendered":"Andr\u00e9s Rabossi: &#8220;El candidato Arnoldo Rohner le saca 20 puntos de ventaja al segundo&#8221;"},"content":{"rendered":"\n<p>El especialista en opini\u00f3n p\u00fablica y titular de la consultora Nordeste, Andr\u00e9s Rabossi, se\u00f1al\u00f3 que el candidato de Vamos Corrientes, Arnoldo Rohner, lidera las preferencias en Esquina con una ventaja de 20 puntos sobre su inmediato competidor, a pocos d\u00edas de las elecciones a intendente.<\/p>\n\n\n\n<p>En declaraciones a TN Esquina, Rabossi detall\u00f3 que el 10 de octubre se realiz\u00f3 un muestreo significativo en la ciudad, que reflej\u00f3 \u201cuna tendencia muy marcada\u201d a favor de Rohner, y sostuvo que con escenarios de estas caracter\u00edsticas \u201ces casi imposible que se modifiquen estos n\u00fameros\u201d.<\/p>\n\n\n\n<p>Asimismo, Rabossi expres\u00f3 que hace unos meses cuando dijo que Juan Pablo Vald\u00e9s ganaba en primera vuelta y superaba los 50 puntos fue muy criticado, se\u00f1alando que \u201cyo me dedico a esto hace mucho tiempo, nosotros hacemos an\u00e1lisis y en Esquina, como hace unos meses con Juan Pablo Vald\u00e9s, vemos una tendencia muy marcada por un mont\u00f3n de variables que nosotros medimos, que va m\u00e1s all\u00e1 del n\u00famero de una encuesta\u201d.&nbsp;<\/p>\n\n\n\n<p>Del mismo modo agreg\u00f3 que \u201cen Esquina se observa un candidato consolidado que propone una opci\u00f3n distinta a la actual gesti\u00f3n municipal, que es Rohner y despu\u00e9s se disputan el segundo lugar otros tres candidatos\u201d.<\/p>\n\n\n\n<p>Rabossi se\u00f1al\u00f3 adem\u00e1s que la cercan\u00eda del candidato con el Gobierno provincial es un factor clave: \u201cEl que tiene el apoyo, en este caso de Juan Pablo Vald\u00e9s, cuenta con una ventaja. Preguntamos a la gente sobre la importancia de esta relaci\u00f3n y consideran muy importante que el intendente y el gobernador sean del mismo espacio pol\u00edtico\u201d, aclar\u00f3.<\/p>\n\n\n\n<p>Adem\u00e1s, al ser consultado sobre los pol\u00edticos que ya ocuparon cargos en el pasado y quieren volver a hacerlo, expres\u00f3 que &#8220;hoy la sociedad reclama nuevas habilidades que los viejos pol\u00edticos no tienen. En la pol\u00edtica, los ciclos se cumplen y es dif\u00edcil aceptarlo&#8221;.&nbsp;<\/p>\n\n\n\n<p>Para cerrar, el especialista dijo que &#8220;hoy estamos en un escenario claro donde el candidato de Vamos Corrientes, Arnoldo Rohner supera al segundo por 20 puntos y los candidatos que hace poco tiempo estaban juntos ahora se disputan el segundo lugar\u201d.<\/p>\n","protected":false},"excerpt":{"rendered":"<p>El especialista en opini\u00f3n p\u00fablica y titular de la consultora Nordeste, Andr\u00e9s Rabossi, se\u00f1al\u00f3 que el candidato de Vamos Corrientes, Arnoldo Rohner, lidera las preferencias en Esquina con una ventaja&hellip; <\/p>\n","protected":false},"author":4,"featured_media":232216,"comment_status":"closed","ping_status":"open","sticky":false,"template":"","format":"standard","meta":{"footnotes":""},"categories":[3],"tags":[],"class_list":["post-232215","post","type-post","status-publish","format-standard","has-post-thumbnail","hentry","category-politica"],"_links":{"self":[{"href":"https:\/\/corrientesdetarde.com\/index.php\/wp-json\/wp\/v2\/posts\/232215","targetHints":{"allow":["GET"]}}],"collection":[{"href":"https:\/\/corrientesdetarde.com\/index.php\/wp-json\/wp\/v2\/posts"}],"about":[{"href":"https:\/\/corrientesdetarde.com\/index.php\/wp-json\/wp\/v2\/types\/post"}],"author":[{"embeddable":true,"href":"https:\/\/corrientesdetarde.com\/index.php\/wp-json\/wp\/v2\/users\/4"}],"replies":[{"embeddable":true,"href":"https:\/\/corrientesdetarde.com\/index.php\/wp-json\/wp\/v2\/comments?post=232215"}],"version-history":[{"count":1,"href":"https:\/\/corrientesdetarde.com\/index.php\/wp-json\/wp\/v2\/posts\/232215\/revisions"}],"predecessor-version":[{"id":232217,"href":"https:\/\/corrientesdetarde.com\/index.php\/wp-json\/wp\/v2\/posts\/232215\/revisions\/232217"}],"wp:featuredmedia":[{"embeddable":true,"href":"https:\/\/corrientesdetarde.com\/index.php\/wp-json\/wp\/v2\/media\/232216"}],"wp:attachment":[{"href":"https:\/\/corrientesdetarde.com\/index.php\/wp-json\/wp\/v2\/media?parent=232215"}],"wp:term":[{"taxonomy":"category","embeddable":true,"href":"https:\/\/corrientesdetarde.com\/index.php\/wp-json\/wp\/v2\/categories?post=232215"},{"taxonomy":"post_tag","embeddable":true,"href":"https:\/\/corrientesdetarde.com\/index.php\/wp-json\/wp\/v2\/tags?post=232215"}],"curies":[{"name":"wp","href":"https:\/\/api.w.org\/{rel}","templated":true}]}}