{"id":232220,"date":"2025-10-20T22:23:46","date_gmt":"2025-10-21T01:23:46","guid":{"rendered":"https:\/\/corrientesdetarde.com\/?p=232220"},"modified":"2025-10-20T22:23:58","modified_gmt":"2025-10-21T01:23:58","slug":"corrientes-detuvieron-a-un-dealer-con-una-importante-cantidad-de-flores-de-marihuana","status":"publish","type":"post","link":"https:\/\/corrientesdetarde.com\/index.php\/policiales\/corrientes-detuvieron-a-un-dealer-con-una-importante-cantidad-de-flores-de-marihuana\/","title":{"rendered":"Corrientes: detuvieron a un dealer con una importante cantidad de flores de marihuana"},"content":{"rendered":"\n<p>El sujeto se encontraba en zona del parque Mitre pres\u00fantamente comercializando la ilegal carga. El aprehendido tiene 40 a\u00f1os.<\/p>\n\n\n\n<p>La Polic\u00eda de Corrientes demor\u00f3 a un presunto &#8220;dealer&#8221; de estupefacientes y secuestro sustancias de origen vegetal. Ocurri\u00f3 en la tarde de este s\u00e1bado 18.<\/p>\n\n\n\n<p>Efectivos policiales de la Direcci\u00f3n General de Drogas Peligrosas y Crimen Organizado, en momentos en que realizaban sus labores de prevenci\u00f3n, procedieron a la demora de un presunto &#8220;dealer&#8221; de estupefacientes, y secuestraron sustancias de origen vegetal.<\/p>\n\n\n\n<p>El procedimiento lo realizaron los mencionados polic\u00edas, cuando en inmediaciones del Parque Mitre de esta ciudad Capital, proceden a identificar a un hombre de 40 a\u00f1os de edad, quien ten\u00eda en su poder un bolso, conteniendo en su interior dos frascos con sustancia de origen vegetal, que al ser sometida al test orientativo arroj\u00f3 resultado positivo para marihuana, con un peso total de 20,6 gramos, adem\u00e1s de una balanza digital y dos tel\u00e9fonos celulares, por lo que se demor\u00f3 a esta persona y se secuestr\u00f3 bajo las formalidades legales correspondientes dichos elementos y sustancias.<\/p>\n\n\n\n<p>De todo ello, se puso en conocimiento de la autoridad fiscal en turno, en tanto, en la citada dependencia policial se prosigue con los tr\u00e1mites del caso.<\/p>\n","protected":false},"excerpt":{"rendered":"<p>El sujeto se encontraba en zona del parque Mitre pres\u00fantamente comercializando la ilegal carga. El aprehendido tiene 40 a\u00f1os. La Polic\u00eda de Corrientes demor\u00f3 a un presunto &#8220;dealer&#8221; de estupefacientes&hellip; <\/p>\n","protected":false},"author":4,"featured_media":232221,"comment_status":"closed","ping_status":"open","sticky":false,"template":"","format":"standard","meta":{"footnotes":""},"categories":[33],"tags":[],"class_list":["post-232220","post","type-post","status-publish","format-standard","has-post-thumbnail","hentry","category-policiales"],"_links":{"self":[{"href":"https:\/\/corrientesdetarde.com\/index.php\/wp-json\/wp\/v2\/posts\/232220","targetHints":{"allow":["GET"]}}],"collection":[{"href":"https:\/\/corrientesdetarde.com\/index.php\/wp-json\/wp\/v2\/posts"}],"about":[{"href":"https:\/\/corrientesdetarde.com\/index.php\/wp-json\/wp\/v2\/types\/post"}],"author":[{"embeddable":true,"href":"https:\/\/corrientesdetarde.com\/index.php\/wp-json\/wp\/v2\/users\/4"}],"replies":[{"embeddable":true,"href":"https:\/\/corrientesdetarde.com\/index.php\/wp-json\/wp\/v2\/comments?post=232220"}],"version-history":[{"count":1,"href":"https:\/\/corrientesdetarde.com\/index.php\/wp-json\/wp\/v2\/posts\/232220\/revisions"}],"predecessor-version":[{"id":232222,"href":"https:\/\/corrientesdetarde.com\/index.php\/wp-json\/wp\/v2\/posts\/232220\/revisions\/232222"}],"wp:featuredmedia":[{"embeddable":true,"href":"https:\/\/corrientesdetarde.com\/index.php\/wp-json\/wp\/v2\/media\/232221"}],"wp:attachment":[{"href":"https:\/\/corrientesdetarde.com\/index.php\/wp-json\/wp\/v2\/media?parent=232220"}],"wp:term":[{"taxonomy":"category","embeddable":true,"href":"https:\/\/corrientesdetarde.com\/index.php\/wp-json\/wp\/v2\/categories?post=232220"},{"taxonomy":"post_tag","embeddable":true,"href":"https:\/\/corrientesdetarde.com\/index.php\/wp-json\/wp\/v2\/tags?post=232220"}],"curies":[{"name":"wp","href":"https:\/\/api.w.org\/{rel}","templated":true}]}}