{"id":23228,"date":"2022-11-27T13:00:53","date_gmt":"2022-11-27T16:00:53","guid":{"rendered":"https:\/\/corrientesdetarde.com\/?p=23228"},"modified":"2022-11-27T13:00:56","modified_gmt":"2022-11-27T16:00:56","slug":"mas-de-un-centenar-de-bailarines-participa-del-3o-festival-a-bailar-chamame","status":"publish","type":"post","link":"https:\/\/corrientesdetarde.com\/index.php\/cultura\/mas-de-un-centenar-de-bailarines-participa-del-3o-festival-a-bailar-chamame\/","title":{"rendered":"M\u00e1s de un centenar de bailarines participa del 3\u00ba Festival \u201cA Bailar Chamam\u00e9\u201d\u00a0 \u00a0 \u00a0"},"content":{"rendered":"\n<p>Durante dos d\u00edas, bailarines de distintas categor\u00edas mostrar\u00e1n sus cualidades de baile en el gran evento organizado por la Municipalidad de Corrientes. Desde las 18, el Paseo Iber\u00e1\u00a0\u00a0-explanada bajo el puente General Manuel Belgrano- se llen\u00f3 ayer de familias que se acercaron a disfrutar de buena m\u00fasica y baile; adem\u00e1s de las m\u00e1s de 40 propuestas gastron\u00f3micas y artesan\u00edas presentes.<\/p>\n\n\n\n<p>La tercera edici\u00f3n del festival de chamam\u00e9 bailable: \u201cA Bailar Chamam\u00e9\u201d comenz\u00f3 este s\u00e1bado con una excelente convocatoria. M\u00e1s de 100 &nbsp;participantes se acercaron a mostrar &nbsp;c\u00f3mo se baila un chamam\u00e9, un valseado y un rasguido doble. La competencia continuar\u00e1 hoy, y esta prevista la actuaci\u00f3n de destacados grupos chamameceros.&nbsp;<br><br>Organizada por la Municipalidad de la ciudad de Corrientes, a trav\u00e9s de la secretar\u00eda de Cultura y Educaci\u00f3n, durante este s\u00e1bado y domingo, desde las 18 se revivir\u00e1 una de las bailantas de m\u00fasica tradicional m\u00e1s grande del pa\u00eds, cuyo objetivo es el desarrollo y fomento de la danza en los ritmos t\u00edpicos del Litoral.&nbsp;<br><br>Jos\u00e9 Sand, secretario de Cultura y Educaci\u00f3n de la Municipalidad de Corrientes, destac\u00f3 que este certamen est\u00e1 destinado a nuestra m\u00fasica. \u201cLa verdad que llevamos adelante este Festival que se ha convertido en la bailanta chamamecera m\u00e1s grande del pa\u00eds con much\u00edsimos inscriptos con lo cual logramos un espacio y una revalorizaci\u00f3n para todos los artistas y bailarines de nuestra m\u00fasica\u201d, destac\u00f3.&nbsp;<br><br>Asimismo agreg\u00f3: \u201c Vamos a trabajar fuerte para seguir sosteniendo este festival y sobre todo para que todas nuestras propuestas est\u00e9n dirigidas a la familia, como hoy se puede ver aqu\u00ed, donde se puede sentir&nbsp;una identidad que nos une a todos los correntinos\u201d.&nbsp;<br><br>J\u00d3VENES PARTICIPANTES<br>Franco, compite por tercera vez en este certamen y lo disfruta, \u201ces algo que me gusta y tambi\u00e9n a mis compa\u00f1eros\u201d, se\u00f1al\u00f3. Desde los seis a\u00f1os baila, hoy tiene 12, y muchas ganas de participar en cada evento organizado por la Municipalidad.&nbsp;<br><br>Por su parte, Bianca, su compa\u00f1era de baile, dijo que se siente feliz por formar parte de este tipo de certamen.&nbsp;<br><br>Lourdes, tambi\u00e9n participante,&nbsp;&nbsp;destac\u00f3 su emoci\u00f3n porque \u201clo que m\u00e1s amo es bailar chamam\u00e9 y creo que venir a demostrar lo que sabemos hacer es expresar los sentimientos tambi\u00e9n al bailar, es muy lindo,&nbsp;&nbsp;muy emocionante\u201d, dijo y agradeci\u00f3 que su madre inculc\u00f3 en ella, esta pasi\u00f3n por nuestra danza aut\u00f3ctona.&nbsp;<br><br>Norma, ex bailarina de folclore, acompa\u00f1\u00f3 a sus dos hijos y a su sobrino Benicio, de 6 a\u00f1os, quienes participaron del certamen.&nbsp;&nbsp;\u201cVienen para compartir y para mostrar nuestra cultura. Yo fui bailarina de chamam\u00e9, y estoy inculcando a mis ni\u00f1os a seguir el mismo camino\u201d, dijo.<br><br>VISITANTES DESDE LA OTRA ORILLA&nbsp;<br>Rolando Espinoza, aprovech\u00f3 y luego del partido de Argentina vino hasta la capital correntina desde Resistencia (Chaco)&nbsp;&nbsp;a disfrutar de una hermosa tarde con m\u00fasica y al aire libre.&nbsp;<br><br>\u201cVenimos a disfrutar de esta hermosa tarde a escuchar un poco de chamam\u00e9 y estamos tomando mate. Este tipo de eventos es espectacular, ojal\u00e1 se repita mucho m\u00e1s, todos los domingos solemos venir y aprovechamos tambi\u00e9n para degustar diferentes tipo de comidas&#8221;, asever\u00f3.&nbsp;<br><br>ASPECTOS GENERALES DEL CERTAMEN&nbsp;<br>El certamen \u201cA bailar Chamam\u00e9\u201d valora la versatilidad de los participantes al momento de bailar. La primera jornada tuvo rondas generales. El jurado evalu\u00f3 y seleccion\u00f3 las parejas que pasar\u00e1n a la siguiente instancia.<br><br>Este domingo es la segunda jornada e instancia final. Participar\u00e1n las parejas seleccionadas por el jurado en las rondas generales. Cada ronda se desarrollar\u00e1 con m\u00fasica en vivo, durante un tema musical o enganchado de temas, sujeto a criterio del grupo musical que se encuentre realizando su presentaci\u00f3n art\u00edstica.&nbsp;<br><br>Las categor\u00edas que entran en la competencia son: infantil ( hasta 12 a\u00f1os), juvenil ( de 13 a 17 a\u00f1os), &nbsp;mayor (de 18 a 39 a\u00f1os) y adulto (de 40 a\u00f1os en adelante).&nbsp;<br><br>CONJUNTOS CHAMAMECEROS<br>La m\u00fasica chamamecera tambi\u00e9n es protagonista en este festival, con una importante programaci\u00f3n art\u00edstica. Entre los conjuntos que subir\u00e1n al escenario, se encuentran: Los Amarilla, Agust\u00edn Duarte, Nacho Acevedo, Los nuevos vecinos, Los Sheridan, Sue\u00f1o Correntino, Vicky S\u00e1nchez, La Princesita del Chamam\u00e9, Los Tiradores del Chamam\u00e9, Bianca Almir\u00f3n, Carlitos Zacar\u00edas y su banda, Vicente Franco y sus criollos, Grupo Itat\u00ed, Los caminantes del Gaucho Gil, Cachito Gonz\u00e1lez y sus nuevos reyes, Jos\u00e9 \u00c1lvarez grupo, Tallar\u00edn y sus espuelas del Litoral.<br><br>Tambi\u00e9n actuar\u00e1n Los correntinos, Ulises Ver\u00f3n, Martincito Cuenca, Los Kara\u00ed del Chamam\u00e9, Agust\u00edn Borda y su fusi\u00f3n chamamecera, Ariel Gauna y su nueva propuesta, Braian Acevedo y su conjunto, el gringo Agust\u00edn Acu\u00f1a, Edgar Barrios, El legado rom\u00e1ntico, Los amigos de Concepci\u00f3n, Ver\u00f3n \u2013 Palacios, D\u00fao Barrios Acevedo, Manuel Cruz y su cuarteto Estampas Correntinas,&nbsp;&nbsp;Coquimarola y su conjunto, La Pilarcita, Emiliano Cardozo y los Cardocitos, Canta Chaco- Los hijos de los Barrios, Oro puro, \u00c1ngel Piciochi, Conjunto San Antonio,&nbsp;&nbsp;Los vecinos, Los \u00c1ngeles rom\u00e1nticos, Los criollos de Corrientes.<\/p>\n","protected":false},"excerpt":{"rendered":"<p>Durante dos d\u00edas, bailarines de distintas categor\u00edas mostrar\u00e1n sus cualidades de baile en el gran evento organizado por la Municipalidad de Corrientes. Desde las 18, el Paseo Iber\u00e1\u00a0\u00a0-explanada bajo el&hellip; <\/p>\n","protected":false},"author":1,"featured_media":23229,"comment_status":"closed","ping_status":"open","sticky":false,"template":"","format":"standard","meta":{"footnotes":""},"categories":[15],"tags":[],"class_list":["post-23228","post","type-post","status-publish","format-standard","has-post-thumbnail","hentry","category-cultura"],"_links":{"self":[{"href":"https:\/\/corrientesdetarde.com\/index.php\/wp-json\/wp\/v2\/posts\/23228","targetHints":{"allow":["GET"]}}],"collection":[{"href":"https:\/\/corrientesdetarde.com\/index.php\/wp-json\/wp\/v2\/posts"}],"about":[{"href":"https:\/\/corrientesdetarde.com\/index.php\/wp-json\/wp\/v2\/types\/post"}],"author":[{"embeddable":true,"href":"https:\/\/corrientesdetarde.com\/index.php\/wp-json\/wp\/v2\/users\/1"}],"replies":[{"embeddable":true,"href":"https:\/\/corrientesdetarde.com\/index.php\/wp-json\/wp\/v2\/comments?post=23228"}],"version-history":[{"count":1,"href":"https:\/\/corrientesdetarde.com\/index.php\/wp-json\/wp\/v2\/posts\/23228\/revisions"}],"predecessor-version":[{"id":23230,"href":"https:\/\/corrientesdetarde.com\/index.php\/wp-json\/wp\/v2\/posts\/23228\/revisions\/23230"}],"wp:featuredmedia":[{"embeddable":true,"href":"https:\/\/corrientesdetarde.com\/index.php\/wp-json\/wp\/v2\/media\/23229"}],"wp:attachment":[{"href":"https:\/\/corrientesdetarde.com\/index.php\/wp-json\/wp\/v2\/media?parent=23228"}],"wp:term":[{"taxonomy":"category","embeddable":true,"href":"https:\/\/corrientesdetarde.com\/index.php\/wp-json\/wp\/v2\/categories?post=23228"},{"taxonomy":"post_tag","embeddable":true,"href":"https:\/\/corrientesdetarde.com\/index.php\/wp-json\/wp\/v2\/tags?post=23228"}],"curies":[{"name":"wp","href":"https:\/\/api.w.org\/{rel}","templated":true}]}}