{"id":232425,"date":"2025-10-22T09:38:10","date_gmt":"2025-10-22T12:38:10","guid":{"rendered":"https:\/\/corrientesdetarde.com\/?p=232425"},"modified":"2025-10-22T09:38:25","modified_gmt":"2025-10-22T12:38:25","slug":"nicolas-cabre-hablo-del-dificil-momento-que-atraveso-por-tener-tanta-exposicion-habia-un-manoseo","status":"publish","type":"post","link":"https:\/\/corrientesdetarde.com\/index.php\/espectaculos\/nicolas-cabre-hablo-del-dificil-momento-que-atraveso-por-tener-tanta-exposicion-habia-un-manoseo\/","title":{"rendered":"Nicol\u00e1s Cabr\u00e9 habl\u00f3 del dif\u00edcil momento que atraves\u00f3 por tener tanta exposici\u00f3n: &#8220;Hab\u00eda un manoseo&#8230;&#8221;"},"content":{"rendered":"\n<p>El actor brind\u00f3 una entrevista y confes\u00f3 de la complicada situaci\u00f3n que atraves\u00f3 por culpa de la fama.<\/p>\n\n\n\n<p>El pasado s\u00e1bado, Nicol\u00e1s Cabr\u00e9 pas\u00f3 por el programa La Divina Noche de Dante y fue entrevistado por Dante Gebel. All\u00ed, el actor confes\u00f3 que pas\u00f3 un mal momento por culpa de la alta exposici\u00f3n que ten\u00eda en los medios de comunicaci\u00f3n.<\/p>\n\n\n\n<p><br>El conductor del ciclo le consult\u00f3 sobre la etapa en la que peor la pas\u00f3 y Nicol\u00e1s cont\u00f3 que su peor momento fue cuando su vida se vio expuesta le &#8220;molestaba mucho&#8221;, y sum\u00f3: &#8220;Era \u00e1lgida. Mi exposici\u00f3n estaba muy alta, sobre lo que se dec\u00eda, lo que pasaba&#8221;.<br>&nbsp;<br>&nbsp;<br>&#8220;Era cuando ya en la vida privada hab\u00eda un manoseo, hab\u00eda unos l\u00edmites que se corr\u00edan todo el tiempo y estaban permitidos. Fue un momento bravo y todo el mundo se enter\u00f3 que no me gustaba&#8221;, detall\u00f3 Nicol\u00e1s Cabr\u00e9.<br>&nbsp;<br>&nbsp;<br>&nbsp;<br><strong>Nicol\u00e1s Cabr\u00e9 anunci\u00f3 su casamiento con Roc\u00edo Pardo: cu\u00e1ndo ser\u00e1<\/strong><br>&nbsp;<\/p>\n\n\n\n<p>El jueves, Nicol\u00e1s Cabr\u00e9 pas\u00f3 por Otro d\u00eda perdido, el late night show con el que Mario Pergolini regres\u00f3 a la televisi\u00f3n en la pantalla de El Trece, y en medio de una distendida charla el actor no s\u00f3lo habl\u00f3 de trabajo sino tambi\u00e9n sobre su inminente casamiento con Roc\u00edo Pardo y c\u00f3mo cambi\u00f3 su vida gracias a ella.<\/p>\n\n\n\n<p>Durante la conversaci\u00f3n, el actor puso de relieve el cambio positivo que experimenta junto a la bailarina, a quien describe como su pareja y amiga. La charla sobre la tambi\u00e9n directora y productora comenz\u00f3 cuando Cabr\u00e9 recordaba la fecha de su pr\u00f3ximo estreno, junto a su amigo y colega Mariano Mart\u00ednez: &#8220;\u00bfCuando estrenemos vamos a estar casados? S\u00ed, vamos a estamos casados&#8221;, repas\u00f3 el actor, adelantando que el matrimonio se concretar\u00e1 antes del debut de la pr\u00f3xima obra que ambos dirigir\u00e1n.<\/p>\n\n\n\n<p>En ese contexto, el artista expres\u00f3: &#8220;Estoy viviendo un momento hermoso de mi vida&#8221;. Para \u00e9l, se trata de una etapa in\u00e9dita caracterizada por el bienestar emocional y un equilibrio afectivo.&#8221;Estoy viviendo una felicidad que no conoc\u00eda&#8221;, afirm\u00f3 ante la audiencia, en un testimonio que refleja la importancia de la relaci\u00f3n en su vida actual.<\/p>\n\n\n\n<p>El actor explic\u00f3 que la idea inicial era organizar un encuentro muy simple: &#8220;Arrancamos diciendo: \u2018No, hagamos un asado familiar y se te va agrandando\u2019&#8221;, coment\u00f3 entre risas. Aun as\u00ed, adelant\u00f3 que no habr\u00e1 muchos famosos invitados y que la esencia del evento seguir\u00e1 siendo \u00edntima.<\/p>\n\n\n\n<p>La pareja opt\u00f3 por una ceremonia sencilla y tranquila, acorde a su personalidad: &#8220;Igual la idea es tranquila, los dos somos muy tranquilos&#8221;, explic\u00f3. Sobre la modalidad del evento, detall\u00f3: &#8220;Es atardecer y noche&#8221;, a lo que Agust\u00edn &#8220;Rada&#8221; Aristar\u00e1n, humorista del programa, a\u00f1adi\u00f3: &#8220;Hasta el mediod\u00eda&#8221;, aludiendo a la extensi\u00f3n de la celebraci\u00f3n.<\/p>\n","protected":false},"excerpt":{"rendered":"<p>El actor brind\u00f3 una entrevista y confes\u00f3 de la complicada situaci\u00f3n que atraves\u00f3 por culpa de la fama. El pasado s\u00e1bado, Nicol\u00e1s Cabr\u00e9 pas\u00f3 por el programa La Divina Noche&hellip; <\/p>\n","protected":false},"author":4,"featured_media":232426,"comment_status":"closed","ping_status":"open","sticky":false,"template":"","format":"standard","meta":{"footnotes":""},"categories":[19],"tags":[],"class_list":["post-232425","post","type-post","status-publish","format-standard","has-post-thumbnail","hentry","category-espectaculos"],"_links":{"self":[{"href":"https:\/\/corrientesdetarde.com\/index.php\/wp-json\/wp\/v2\/posts\/232425","targetHints":{"allow":["GET"]}}],"collection":[{"href":"https:\/\/corrientesdetarde.com\/index.php\/wp-json\/wp\/v2\/posts"}],"about":[{"href":"https:\/\/corrientesdetarde.com\/index.php\/wp-json\/wp\/v2\/types\/post"}],"author":[{"embeddable":true,"href":"https:\/\/corrientesdetarde.com\/index.php\/wp-json\/wp\/v2\/users\/4"}],"replies":[{"embeddable":true,"href":"https:\/\/corrientesdetarde.com\/index.php\/wp-json\/wp\/v2\/comments?post=232425"}],"version-history":[{"count":1,"href":"https:\/\/corrientesdetarde.com\/index.php\/wp-json\/wp\/v2\/posts\/232425\/revisions"}],"predecessor-version":[{"id":232427,"href":"https:\/\/corrientesdetarde.com\/index.php\/wp-json\/wp\/v2\/posts\/232425\/revisions\/232427"}],"wp:featuredmedia":[{"embeddable":true,"href":"https:\/\/corrientesdetarde.com\/index.php\/wp-json\/wp\/v2\/media\/232426"}],"wp:attachment":[{"href":"https:\/\/corrientesdetarde.com\/index.php\/wp-json\/wp\/v2\/media?parent=232425"}],"wp:term":[{"taxonomy":"category","embeddable":true,"href":"https:\/\/corrientesdetarde.com\/index.php\/wp-json\/wp\/v2\/categories?post=232425"},{"taxonomy":"post_tag","embeddable":true,"href":"https:\/\/corrientesdetarde.com\/index.php\/wp-json\/wp\/v2\/tags?post=232425"}],"curies":[{"name":"wp","href":"https:\/\/api.w.org\/{rel}","templated":true}]}}