{"id":232493,"date":"2025-10-22T14:17:11","date_gmt":"2025-10-22T17:17:11","guid":{"rendered":"https:\/\/corrientesdetarde.com\/?p=232493"},"modified":"2025-10-22T14:17:14","modified_gmt":"2025-10-22T17:17:14","slug":"cande-tinelli-se-cayo-mientras-andaba-a-caballo-y-tendra-que-ser-operada","status":"publish","type":"post","link":"https:\/\/corrientesdetarde.com\/index.php\/espectaculos\/cande-tinelli-se-cayo-mientras-andaba-a-caballo-y-tendra-que-ser-operada\/","title":{"rendered":"Cande Tinelli se cay\u00f3 mientras andaba a caballo y tendr\u00e1 que ser operada"},"content":{"rendered":"\n<p>La hija del conductora comparti\u00f3 una foto en sus redes sociales para llevar tranquilidad a sus seguidores.<\/p>\n\n\n\n<p><strong>Candelaria Tinelli<\/strong> sufri\u00f3 una ca\u00edda mientras montaba a caballo y tendr\u00e1 que ser operada. As\u00ed lo coment\u00f3 Pepe Ochoa al aire de\u00a0<em>LAM (Am\u00e9rica)<\/em>: \u201cTuvo un accidente y se rompi\u00f3 la mano\u201d.<\/p>\n\n\n\n<p>En ese momento, \u00c1ngel de Brito sum\u00f3 detalles y precis\u00f3: \u201cSe quebr\u00f3 la mu\u00f1eca\u201d.<\/p>\n\n\n\n<p>Seg\u00fan detall\u00f3 Ochoa, el episodio ocurri\u00f3 durante la grabaci\u00f3n del reality de la familia Tinelli.&nbsp;<strong>\u201cSe cay\u00f3 de una manera tonta en el h\u00edpico\u201d<\/strong>, aclar\u00f3.<\/p>\n\n\n\n<figure class=\"wp-block-image\"><img decoding=\"async\" src=\"https:\/\/tn.com.ar\/resizer\/v2\/cande-tinelli-tendra-que-ser-operada-foto-instagram-candelariatinelli-CR32LYNEZBG2JKLXFQWBR6HGPE.JPG?auth=176f71557a69e0b76248f832b3e011e8fffa73709febab042f2f9128537c7dd8&amp;width=767\" alt=\"Cande Tinelli tendr\u00e1 que ser operada (Foto: Instagram \/ candelariatinelli)\"\/><\/figure>\n\n\n\n<p>A trav\u00e9s de sus redes sociales, la influencer llev\u00f3 tranquilidad a sus seguidores y comparti\u00f3 una foto con un yeso.&nbsp;<strong>\u201c\u00bfY vos c\u00f3mo arrancaste la semana?\u201c<\/strong>, escribi\u00f3 en sus historias de Instagram acompa\u00f1ando una postal contra el espejo en donde muestra su brazo inmovilizado.<\/p>\n\n\n\n<h2 class=\"wp-block-heading\">Cande Tinelli revel\u00f3 que la equitaci\u00f3n la ayud\u00f3 en los momentos m\u00e1s dif\u00edciles de su vida<\/h2>\n\n\n\n<p>En noviembre de 2018,&nbsp;<strong>Cande Tinelli<\/strong>&nbsp;revel\u00f3 por primera vez que en su adolescencia sufri\u00f3 anorexia y bulimia. De hecho, la<em>&nbsp;it girl<\/em>&nbsp;public\u00f3 fotos mostrando c\u00f3mo estaba cuando afrontaba esos trastornos alimenticios y explic\u00f3 que fue con la ayuda de sus seres queridos que logr\u00f3 salir adelante.<\/p>\n\n\n\n<p>\u201cMi familia me salv\u00f3. Llegu\u00e9 a pesar 10 kilos menos que hoy. Estaba con depresi\u00f3n, ataques de p\u00e1nico y fobia social.&nbsp;<strong>Me perd\u00ed momentos hermosos de mi vida<\/strong>\u201d, afirm\u00f3 la hija del conductora de&nbsp;<em>Showmatch&nbsp;<\/em>en un posteo que subi\u00f3 en ese entonces a su cuenta de Instagram.<\/p>\n\n\n\n<figure class=\"wp-block-image\"><img decoding=\"async\" src=\"https:\/\/tn.com.ar\/resizer\/v2\/cande-tinelli-revelo-que-la-equitacion-la-ayudo-en-los-momentos-mas-dificiles-de-su-vida-foto-instagram-candelariatinelli-75OWED2FLFC33LWCFQCVHDPFJU.JPG?auth=b334989cf9751e0c06c5176f95a313c8057681ee447365fdece49fb2eed54398&amp;width=767\" alt=\"Cande Tinelli revel\u00f3 que la equitaci\u00f3n la ayud\u00f3 en los momentos m\u00e1s dif\u00edciles de su vida (Foto: Instagram \/ candelariatinelli)\"\/><\/figure>\n\n\n\n<p>Adem\u00e1s del apoyo de su familia, Lel\u00e9 -como le dicen sus afectos cercanos- empez\u00f3 a practicar equitaci\u00f3n. La conexi\u00f3n con los caballos la ayud\u00f3 a sobreponerse. \u201c<strong>Los animales me ayudaron mucho<\/strong>, junto con un nutricionista, un psic\u00f3logo y un psiquiatra. Pedir ayuda es clave, as\u00ed como tener una \u2018red de contenci\u00f3n\u2019\u201d, detall\u00f3 Cande.<\/p>\n\n\n\n<p>En el tiempo que lleva realizando equitaci\u00f3n, Cande descubri\u00f3 que es una de sus grandes pasiones. \u201cDesde los 15 a\u00f1os insisto con esto, que es lo que m\u00e1s amo hacer. S\u00ed, supera absolutamente a todo lo que hago. S\u00ed, es lo que m\u00e1s me apasiona. Mis caballos<strong>&nbsp;son los m\u00e1s mimados del mundo<\/strong>. Vivo esta actividad desde otro lugar. Es dif\u00edcil poner en palabras lo que siento. Los sue\u00f1os no se cumplen, se trabajan\u201d, reflexion\u00f3.<\/p>\n","protected":false},"excerpt":{"rendered":"<p>La hija del conductora comparti\u00f3 una foto en sus redes sociales para llevar tranquilidad a sus seguidores. Candelaria Tinelli sufri\u00f3 una ca\u00edda mientras montaba a caballo y tendr\u00e1 que ser&hellip; <\/p>\n","protected":false},"author":8,"featured_media":232494,"comment_status":"closed","ping_status":"open","sticky":false,"template":"","format":"standard","meta":{"footnotes":""},"categories":[19],"tags":[],"class_list":["post-232493","post","type-post","status-publish","format-standard","has-post-thumbnail","hentry","category-espectaculos"],"_links":{"self":[{"href":"https:\/\/corrientesdetarde.com\/index.php\/wp-json\/wp\/v2\/posts\/232493","targetHints":{"allow":["GET"]}}],"collection":[{"href":"https:\/\/corrientesdetarde.com\/index.php\/wp-json\/wp\/v2\/posts"}],"about":[{"href":"https:\/\/corrientesdetarde.com\/index.php\/wp-json\/wp\/v2\/types\/post"}],"author":[{"embeddable":true,"href":"https:\/\/corrientesdetarde.com\/index.php\/wp-json\/wp\/v2\/users\/8"}],"replies":[{"embeddable":true,"href":"https:\/\/corrientesdetarde.com\/index.php\/wp-json\/wp\/v2\/comments?post=232493"}],"version-history":[{"count":1,"href":"https:\/\/corrientesdetarde.com\/index.php\/wp-json\/wp\/v2\/posts\/232493\/revisions"}],"predecessor-version":[{"id":232495,"href":"https:\/\/corrientesdetarde.com\/index.php\/wp-json\/wp\/v2\/posts\/232493\/revisions\/232495"}],"wp:featuredmedia":[{"embeddable":true,"href":"https:\/\/corrientesdetarde.com\/index.php\/wp-json\/wp\/v2\/media\/232494"}],"wp:attachment":[{"href":"https:\/\/corrientesdetarde.com\/index.php\/wp-json\/wp\/v2\/media?parent=232493"}],"wp:term":[{"taxonomy":"category","embeddable":true,"href":"https:\/\/corrientesdetarde.com\/index.php\/wp-json\/wp\/v2\/categories?post=232493"},{"taxonomy":"post_tag","embeddable":true,"href":"https:\/\/corrientesdetarde.com\/index.php\/wp-json\/wp\/v2\/tags?post=232493"}],"curies":[{"name":"wp","href":"https:\/\/api.w.org\/{rel}","templated":true}]}}